{"id":9558,"date":"2015-12-11T17:43:05","date_gmt":"2015-12-11T20:43:05","guid":{"rendered":"https:\/\/www.facet.unt.edu.ar\/facetinforma\/?p=9558"},"modified":"2015-12-11T17:43:05","modified_gmt":"2015-12-11T20:43:05","slug":"asociacion-cooperadora-facet-asamblea-ordinaria-2","status":"publish","type":"post","link":"https:\/\/www.facet.unt.edu.ar\/facetinforma\/2015\/12\/11\/asociacion-cooperadora-facet-asamblea-ordinaria-2\/","title":{"rendered":"Asociaci\u00f3n Cooperadora FACET -Asamblea Ordinaria"},"content":{"rendered":"<p>La Asamblea Ordinaria de la Asociaci\u00f3n Cooperadora FACET se realizar\u00e1 el d\u00eda Mi\u00e9rcoles 16 de Diciembre a horas 8.30 en la Sala de Audiovisuales de la FACET para considerar el siguiente orden del d\u00eda:\u00a0 <!--more--><\/p>\n<ol>\n<li>Demora en la convocatoria a Asamblea Ordinaria.<\/li>\n<li>Lectura del acta de la Asamblea anterior.<\/li>\n<li>Consideraci\u00f3n de memoria, balance, inventario e informe de Comisi\u00f3n Revisora de Cuentas del ejercicio cerrado el 30\/04\/2015.<\/li>\n<li>Proclamaci\u00f3n de los miembros elegidos para la Comisi\u00f3n Directiva.<\/li>\n<li>Elecci\u00f3n de los miembros de la Comisi\u00f3n Revisora de cuentas.<\/li>\n<li>Designaci\u00f3n de dos asociados para firmar el acta.<\/li>\n<\/ol>\n","protected":false},"excerpt":{"rendered":"<p>La Asamblea Ordinaria de la Asociaci\u00f3n Cooperadora FACET se realizar\u00e1 el d\u00eda Mi\u00e9rcoles 16 de Diciembre a horas 8.30 en la Sala de Audiovisuales de la FACET para considerar el siguiente orden del d\u00eda:\u00a0<\/p>\n","protected":false},"author":6,"featured_media":0,"comment_status":"closed","ping_status":"closed","sticky":false,"template":"","format":"standard","meta":[],"categories":[5],"tags":[],"_links":{"self":[{"href":"https:\/\/www.facet.unt.edu.ar\/facetinforma\/wp-json\/wp\/v2\/posts\/9558"}],"collection":[{"href":"https:\/\/www.facet.unt.edu.ar\/facetinforma\/wp-json\/wp\/v2\/posts"}],"about":[{"href":"https:\/\/www.facet.unt.edu.ar\/facetinforma\/wp-json\/wp\/v2\/types\/post"}],"author":[{"embeddable":true,"href":"https:\/\/www.facet.unt.edu.ar\/facetinforma\/wp-json\/wp\/v2\/users\/6"}],"replies":[{"embeddable":true,"href":"https:\/\/www.facet.unt.edu.ar\/facetinforma\/wp-json\/wp\/v2\/comments?post=9558"}],"version-history":[{"count":2,"href":"https:\/\/www.facet.unt.edu.ar\/facetinforma\/wp-json\/wp\/v2\/posts\/9558\/revisions"}],"predecessor-version":[{"id":9560,"href":"https:\/\/www.facet.unt.edu.ar\/facetinforma\/wp-json\/wp\/v2\/posts\/9558\/revisions\/9560"}],"wp:attachment":[{"href":"https:\/\/www.facet.unt.edu.ar\/facetinforma\/wp-json\/wp\/v2\/media?parent=9558"}],"wp:term":[{"taxonomy":"category","embeddable":true,"href":"https:\/\/www.facet.unt.edu.ar\/facetinforma\/wp-json\/wp\/v2\/categories?post=9558"},{"taxonomy":"post_tag","embeddable":true,"href":"https:\/\/www.facet.unt.edu.ar\/facetinforma\/wp-json\/wp\/v2\/tags?post=9558"}],"curies":[{"name":"wp","href":"https:\/\/api.w.org\/{rel}","templated":true}]}}