{"id":9609,"date":"2015-12-18T20:38:30","date_gmt":"2015-12-18T23:38:30","guid":{"rendered":"https:\/\/www.facet.unt.edu.ar\/facetinforma\/?p=9609"},"modified":"2015-12-18T20:39:43","modified_gmt":"2015-12-18T23:39:43","slug":"1-llamado-a-presentar-trabajos-para-el-cadi-2016","status":"publish","type":"post","link":"https:\/\/www.facet.unt.edu.ar\/facetinforma\/2015\/12\/18\/1-llamado-a-presentar-trabajos-para-el-cadi-2016\/","title":{"rendered":"1\u00b0 Llamado a Presentar Trabajos para el CADI 2016"},"content":{"rendered":"<p>Los autores que deseen enviar su resumen deben hacerlo en dos pasos:<br \/>\n1) Registro del autor entrando al siguiente enlace del <a href=\"http:\/\/caim2014.unne.edu.ar\/cadi-registro\/\" target=\"_blank\">sistema de conferencias<\/a>;<br \/>\n2) Ese autor recibe un correo de confirmaci\u00f3n y, adem\u00e1s, la direcci\u00f3n URL en la que cargar\u00e1 el resumen.\u00a0 <!--more--><\/p>\n<p><strong>El env\u00edo de res\u00famenes de trabajos se encuentra habilitado hasta el 31 de marzo de 2016.<\/strong><\/p>\n<p>El Congreso Argentino de Ingenier\u00eda es una iniciativa del Consejo Federal de Decanos de Ingenier\u00eda de Argentina, que convoca a todos los referentes de la Ingenier\u00eda Argentina a fin de generar un \u00e1mbito para el intercambio de experiencias, que permita adem\u00e1s difundir e impulsar la actividad de la Ingenier\u00eda en general y de los acad\u00e9micos en particular, profundizar el conocimiento a partir del debate, generar lazos de cooperaci\u00f3n, brindar la oportunidad para los acuerdos interinstitucionales en pro de proyectos compartidos y del intercambio de ideas, agregando valor a los esfuerzos individuales.<\/p>\n<p>Se trata de un congreso nacional, en el cual por tercera vez, se reunir\u00e1 toda la ingenier\u00eda argentina, bajo el lema \u201cLa Ingenier\u00eda como Herramienta de Integraci\u00f3n\u201d.<\/p>\n<p>El CADI 2016 ofrecer\u00e1, adem\u00e1s de las tradicionales conferencias y exposici\u00f3n de trabajos aceptados en los diferentes cap\u00edtulos, talleres orientados a desarrollar las competencias transversales en la formaci\u00f3n de ingenieros, as\u00ed como la primera \u201cExpo Ingenier\u00eda\u201d, donde la industria, tanto del NEA como de todo el pa\u00eds, comparta con la Academia y el p\u00fablico en general los \u00faltimos avances incorporados a la Industria Nacional.<\/p>\n<p>En esta ocasi\u00f3n, este importante congreso se realizar\u00e1 en la ciudad de Resistencia \u2013 Chaco, organizado por la Facultad Regional Resistencia de la UTN y la Facultad de Ingenier\u00eda de la UNNE.<\/p>\n<p>El \u00e9xito de los Congresos anteriores nos obliga a redoblar esfuerzos para hacer del CADI 2016 una experiencia enriquecedora para la Ingenier\u00eda Argentina.<\/p>\n<p><u>P\u00e1gina web<\/u>:<strong> <a href=\"http:\/\/www.cadi.org.ar\" target=\"_blank\">www.cadi.org.ar<\/a><\/strong><\/p>\n<p><u>Consultas<\/u>:<strong> <a href=\"mailto:info@cadi.org.ar\">info@cadi.org.ar<\/a><\/strong><\/p>\n<p><a href=\"https:\/\/www.facet.unt.edu.ar\/facetinforma\/wp-content\/uploads\/sites\/9\/2015\/12\/header.jpg\" rel=\"attachment wp-att-9610\"><img decoding=\"async\" loading=\"lazy\" class=\"aligncenter wp-image-9610\" src=\"https:\/\/www.facet.unt.edu.ar\/facetinforma\/wp-content\/uploads\/sites\/9\/2015\/12\/header.jpg\" alt=\"header\" width=\"692\" height=\"187\" srcset=\"https:\/\/www.facet.unt.edu.ar\/facetinforma\/wp-content\/uploads\/sites\/9\/2015\/12\/header.jpg 887w, https:\/\/www.facet.unt.edu.ar\/facetinforma\/wp-content\/uploads\/sites\/9\/2015\/12\/header-300x81.jpg 300w, https:\/\/www.facet.unt.edu.ar\/facetinforma\/wp-content\/uploads\/sites\/9\/2015\/12\/header-768x208.jpg 768w\" sizes=\"(max-width: 692px) 100vw, 692px\" \/><\/a><\/p>\n","protected":false},"excerpt":{"rendered":"<p>Los autores que deseen enviar su resumen deben hacerlo en dos pasos: 1) Registro del autor entrando al siguiente enlace del sistema de conferencias; 2) Ese autor recibe un correo de confirmaci\u00f3n y, adem\u00e1s, la direcci\u00f3n URL en la que cargar\u00e1 el resumen.\u00a0<\/p>\n","protected":false},"author":6,"featured_media":0,"comment_status":"closed","ping_status":"closed","sticky":false,"template":"","format":"standard","meta":[],"categories":[5],"tags":[],"_links":{"self":[{"href":"https:\/\/www.facet.unt.edu.ar\/facetinforma\/wp-json\/wp\/v2\/posts\/9609"}],"collection":[{"href":"https:\/\/www.facet.unt.edu.ar\/facetinforma\/wp-json\/wp\/v2\/posts"}],"about":[{"href":"https:\/\/www.facet.unt.edu.ar\/facetinforma\/wp-json\/wp\/v2\/types\/post"}],"author":[{"embeddable":true,"href":"https:\/\/www.facet.unt.edu.ar\/facetinforma\/wp-json\/wp\/v2\/users\/6"}],"replies":[{"embeddable":true,"href":"https:\/\/www.facet.unt.edu.ar\/facetinforma\/wp-json\/wp\/v2\/comments?post=9609"}],"version-history":[{"count":3,"href":"https:\/\/www.facet.unt.edu.ar\/facetinforma\/wp-json\/wp\/v2\/posts\/9609\/revisions"}],"predecessor-version":[{"id":9613,"href":"https:\/\/www.facet.unt.edu.ar\/facetinforma\/wp-json\/wp\/v2\/posts\/9609\/revisions\/9613"}],"wp:attachment":[{"href":"https:\/\/www.facet.unt.edu.ar\/facetinforma\/wp-json\/wp\/v2\/media?parent=9609"}],"wp:term":[{"taxonomy":"category","embeddable":true,"href":"https:\/\/www.facet.unt.edu.ar\/facetinforma\/wp-json\/wp\/v2\/categories?post=9609"},{"taxonomy":"post_tag","embeddable":true,"href":"https:\/\/www.facet.unt.edu.ar\/facetinforma\/wp-json\/wp\/v2\/tags?post=9609"}],"curies":[{"name":"wp","href":"https:\/\/api.w.org\/{rel}","templated":true}]}}