{"id":9643,"date":"2015-12-23T16:37:06","date_gmt":"2015-12-23T19:37:06","guid":{"rendered":"https:\/\/www.facet.unt.edu.ar\/facetinforma\/?p=9643"},"modified":"2015-12-23T16:37:29","modified_gmt":"2015-12-23T19:37:29","slug":"tnplatex-busquedas-laborales","status":"publish","type":"post","link":"https:\/\/www.facet.unt.edu.ar\/facetinforma\/2015\/12\/23\/tnplatex-busquedas-laborales\/","title":{"rendered":"TN&amp;PLATEX &#8211; B\u00fasquedas Laborales"},"content":{"rendered":"<p>TN&amp;PLATEX busca Alumno\/as Avanzado\/as pr\u00f3ximos a Graduarse y Graduado\/as de las carreras de Ingenier\u00eda El\u00e9ctrica, Ingenier\u00eda Electr\u00f3nica, Ingenier\u00eda Industrial, Ingenier\u00eda Mec\u00e1nica e Ingenier\u00eda Qu\u00edmica de la FACET, para incorporarse a la empresa en las \u00e1reas de mantenimiento, producci\u00f3n, calidad, etc. TN&amp;Platex es la empresa textil l\u00edder en Sudam\u00e9rica, con siete plantas industriales, un centro de distribuci\u00f3n y oficinas administrativas distribuidas en cinco provincias, hoy ocupamos 135.000 m<sup>2<\/sup> productivos y empleamos en forma directa a 1.500 colaboradores.\u00a0\u00a0 <!--more--><\/p>\n<p><u>REQUISITO\/S Y\/O CONOCIMIENTO\/S:<\/u><br \/>\n\u00d8\u00a0Alumno\/as Avanzado\/as pr\u00f3ximos a Graduarse y Graduado\/as de las Carreras de Ingenier\u00eda El\u00e9ctrica, Ingenier\u00eda Electr\u00f3nica, Ingenier\u00eda Industrial, Ingenier\u00eda Mec\u00e1nica e Ingenier\u00eda Qu\u00edmica de la FACET.<br \/>\n\u00d8\u00a0Buen Desempe\u00f1o Acad\u00e9mico.<br \/>\n\u00d8\u00a0Experiencia Industrial (No Excluyente).<br \/>\n\u00d8\u00a0Disponibilidad para viajar.<br \/>\n\u00d8\u00a0Disponibilidad de cambio de residencia.<br \/>\n\u00d8\u00a0Se valorar\u00e1 Capacidad de Trabajo en Equipo, Capacidad de Toma de Decisiones, Proactividad, Capacidad Anal\u00edtica, Capacidad de trabajar bajo presi\u00f3n.<\/p>\n<p><u>SE OFRECE:<\/u><br \/>\n\u00d8\u00a0Remuneraci\u00f3n acorde a la responsabilidad.<br \/>\n\u00d8\u00a0Capacitaci\u00f3n y Desarrollo.<\/p>\n<p>Los interesados deben enviar su CV hasta el <strong>Martes 29 de Diciembre de 2015<\/strong> a <a href=\"mailto:sae.facet@gmail.com\">sae.facet@gmail.com<\/a> destacando en el Asunto del mail la palabra: \u201cTN&amp;PLATEX&#8221;. Adjuntar el CV con el formato: DNI-NombreCompleto.doc \u00f3 DNI-NombreCompleto.pdf. Ejemplo: 12345678-MarianaGarcia.xls<\/p>\n<p style=\"text-align: center\"><a href=\"https:\/\/www.facet.unt.edu.ar\/facetinforma\/wp-content\/uploads\/sites\/9\/2015\/12\/BUSQUEDAS-LABORALES-2.png\" rel=\"attachment wp-att-9644\"><img decoding=\"async\" loading=\"lazy\" class=\"aligncenter wp-image-9644\" src=\"https:\/\/www.facet.unt.edu.ar\/facetinforma\/wp-content\/uploads\/sites\/9\/2015\/12\/BUSQUEDAS-LABORALES-2.png\" alt=\"BUSQUEDAS LABORALES 2\" width=\"515\" height=\"491\" srcset=\"https:\/\/www.facet.unt.edu.ar\/facetinforma\/wp-content\/uploads\/sites\/9\/2015\/12\/BUSQUEDAS-LABORALES-2.png 700w, https:\/\/www.facet.unt.edu.ar\/facetinforma\/wp-content\/uploads\/sites\/9\/2015\/12\/BUSQUEDAS-LABORALES-2-300x286.png 300w\" sizes=\"(max-width: 515px) 100vw, 515px\" \/><\/a><\/p>\n<p style=\"text-align: center\">IMPORTANTE: NO SE RECIBIR\u00c1N ARCHIVOS DE M\u00c1S DE 500 KB.<\/p>\n<p>Atentamente,<\/p>\n<p>&#8212;<br \/>\nIng. Marcelo Emilio Leiva<br \/>\nCoordinador de Pasant\u00edas y Becas<br \/>\nSecretar\u00eda de Bienestar Estudiantil<br \/>\nFACET &#8211; UNT<\/p>\n","protected":false},"excerpt":{"rendered":"<p>TN&amp;PLATEX busca Alumno\/as Avanzado\/as pr\u00f3ximos a Graduarse y Graduado\/as de las carreras de Ingenier\u00eda El\u00e9ctrica, Ingenier\u00eda Electr\u00f3nica, Ingenier\u00eda Industrial, Ingenier\u00eda Mec\u00e1nica e Ingenier\u00eda Qu\u00edmica de la FACET, para incorporarse a la empresa en las \u00e1reas de mantenimiento, producci\u00f3n, calidad, etc. TN&amp;Platex es la empresa textil l\u00edder en Sudam\u00e9rica, con siete plantas industriales, un centro de [&hellip;]<\/p>\n","protected":false},"author":6,"featured_media":0,"comment_status":"closed","ping_status":"closed","sticky":false,"template":"","format":"standard","meta":[],"categories":[5,6],"tags":[],"_links":{"self":[{"href":"https:\/\/www.facet.unt.edu.ar\/facetinforma\/wp-json\/wp\/v2\/posts\/9643"}],"collection":[{"href":"https:\/\/www.facet.unt.edu.ar\/facetinforma\/wp-json\/wp\/v2\/posts"}],"about":[{"href":"https:\/\/www.facet.unt.edu.ar\/facetinforma\/wp-json\/wp\/v2\/types\/post"}],"author":[{"embeddable":true,"href":"https:\/\/www.facet.unt.edu.ar\/facetinforma\/wp-json\/wp\/v2\/users\/6"}],"replies":[{"embeddable":true,"href":"https:\/\/www.facet.unt.edu.ar\/facetinforma\/wp-json\/wp\/v2\/comments?post=9643"}],"version-history":[{"count":2,"href":"https:\/\/www.facet.unt.edu.ar\/facetinforma\/wp-json\/wp\/v2\/posts\/9643\/revisions"}],"predecessor-version":[{"id":9646,"href":"https:\/\/www.facet.unt.edu.ar\/facetinforma\/wp-json\/wp\/v2\/posts\/9643\/revisions\/9646"}],"wp:attachment":[{"href":"https:\/\/www.facet.unt.edu.ar\/facetinforma\/wp-json\/wp\/v2\/media?parent=9643"}],"wp:term":[{"taxonomy":"category","embeddable":true,"href":"https:\/\/www.facet.unt.edu.ar\/facetinforma\/wp-json\/wp\/v2\/categories?post=9643"},{"taxonomy":"post_tag","embeddable":true,"href":"https:\/\/www.facet.unt.edu.ar\/facetinforma\/wp-json\/wp\/v2\/tags?post=9643"}],"curies":[{"name":"wp","href":"https:\/\/api.w.org\/{rel}","templated":true}]}}