{"id":9662,"date":"2016-02-06T23:34:43","date_gmt":"2016-02-07T02:34:43","guid":{"rendered":"https:\/\/www.facet.unt.edu.ar\/facetinforma\/?p=9662"},"modified":"2016-02-06T23:34:43","modified_gmt":"2016-02-07T02:34:43","slug":"fallecimiento-ing-rodriguez","status":"publish","type":"post","link":"https:\/\/www.facet.unt.edu.ar\/facetinforma\/2016\/02\/06\/fallecimiento-ing-rodriguez\/","title":{"rendered":"Fallecimiento Ing. Rodr\u00edguez"},"content":{"rendered":"<p style=\"text-align: justify;background: white;margin: 0cm 0cm 6.0pt 0cm\"><span style=\"font-size: 10.0pt;font-family: 'Helvetica','sans-serif';color: #141823\">La Facultad de Ciencias Exactas y Tecnolog\u00eda, lamenta profundamente el fallecimiento del Prof. Ing. Carlos Alberto Rodr\u00edguez (MSc). Enorme colaborador para con nuestra instituci\u00f3n como docente y como Secretario de Gesti\u00f3n y Extensi\u00f3n universitaria. \u00a0 \u00a0<\/span><!--more--><\/p>\n<p style=\"text-align: justify;background: white;margin: 0cm 0cm 6.0pt 0cm\"><span style=\"font-size: 10.0pt;font-family: 'Helvetica','sans-serif';color: #141823\">Destacamos la entrega y generosidad del Ing. Carlos Rodr\u00edguez, su compromiso con el proyecto educativo universitario y su cercan\u00eda con los alumnos.<\/span><\/p>\n<p style=\"text-align: justify;background: white;margin: 0cm 0cm 6.0pt 0cm\"><span style=\"font-size: 10.0pt;font-family: 'Helvetica','sans-serif';color: #141823;background: white\">Sus restos son velados en Empresa Flores, Pasaje Padilla 18, de esta ciudad.<\/span><\/p>\n<p style=\"margin: 0cm;margin-bottom: .0001pt;text-align: justify;background: white\"><span style=\"font-size: 10.0pt;font-family: 'Helvetica','sans-serif';color: #141823\">Nuestras condolencias a sus familiares, amigos y seres queridos.<\/span><\/p>\n<p style=\"margin: 0cm;margin-bottom: .0001pt;text-align: justify;background: white\"><a href=\"https:\/\/www.facet.unt.edu.ar\/facetinforma\/wp-content\/uploads\/sites\/9\/2016\/02\/ING-RODRIGUEZ.jpg\" rel=\"attachment wp-att-9663\"><img decoding=\"async\" loading=\"lazy\" class=\"aligncenter size-full wp-image-9663\" src=\"https:\/\/www.facet.unt.edu.ar\/facetinforma\/wp-content\/uploads\/sites\/9\/2016\/02\/ING-RODRIGUEZ.jpg\" alt=\"ING-RODRIGUEZ\" width=\"300\" height=\"240\" \/><\/a><\/p>\n","protected":false},"excerpt":{"rendered":"<p>La Facultad de Ciencias Exactas y Tecnolog\u00eda, lamenta profundamente el fallecimiento del Prof. Ing. Carlos Alberto Rodr\u00edguez (MSc). Enorme colaborador para con nuestra instituci\u00f3n como docente y como Secretario de Gesti\u00f3n y Extensi\u00f3n universitaria. \u00a0 \u00a0<\/p>\n","protected":false},"author":6,"featured_media":0,"comment_status":"closed","ping_status":"closed","sticky":false,"template":"","format":"standard","meta":[],"categories":[5],"tags":[],"_links":{"self":[{"href":"https:\/\/www.facet.unt.edu.ar\/facetinforma\/wp-json\/wp\/v2\/posts\/9662"}],"collection":[{"href":"https:\/\/www.facet.unt.edu.ar\/facetinforma\/wp-json\/wp\/v2\/posts"}],"about":[{"href":"https:\/\/www.facet.unt.edu.ar\/facetinforma\/wp-json\/wp\/v2\/types\/post"}],"author":[{"embeddable":true,"href":"https:\/\/www.facet.unt.edu.ar\/facetinforma\/wp-json\/wp\/v2\/users\/6"}],"replies":[{"embeddable":true,"href":"https:\/\/www.facet.unt.edu.ar\/facetinforma\/wp-json\/wp\/v2\/comments?post=9662"}],"version-history":[{"count":1,"href":"https:\/\/www.facet.unt.edu.ar\/facetinforma\/wp-json\/wp\/v2\/posts\/9662\/revisions"}],"predecessor-version":[{"id":9664,"href":"https:\/\/www.facet.unt.edu.ar\/facetinforma\/wp-json\/wp\/v2\/posts\/9662\/revisions\/9664"}],"wp:attachment":[{"href":"https:\/\/www.facet.unt.edu.ar\/facetinforma\/wp-json\/wp\/v2\/media?parent=9662"}],"wp:term":[{"taxonomy":"category","embeddable":true,"href":"https:\/\/www.facet.unt.edu.ar\/facetinforma\/wp-json\/wp\/v2\/categories?post=9662"},{"taxonomy":"post_tag","embeddable":true,"href":"https:\/\/www.facet.unt.edu.ar\/facetinforma\/wp-json\/wp\/v2\/tags?post=9662"}],"curies":[{"name":"wp","href":"https:\/\/api.w.org\/{rel}","templated":true}]}}