{"id":9665,"date":"2016-02-11T10:54:03","date_gmt":"2016-02-11T13:54:03","guid":{"rendered":"https:\/\/www.facet.unt.edu.ar\/facetinforma\/?p=9665"},"modified":"2016-02-11T11:03:39","modified_gmt":"2016-02-11T14:03:39","slug":"presentacion-de-trabajos-para-el-cadi-2016-1-llamado","status":"publish","type":"post","link":"https:\/\/www.facet.unt.edu.ar\/facetinforma\/2016\/02\/11\/presentacion-de-trabajos-para-el-cadi-2016-1-llamado\/","title":{"rendered":"Presentaci\u00f3n de trabajos para el CADI 2016 &#8211; 1\u00b0 LLAMADO"},"content":{"rendered":"<p>La FACET invita a participar de la presentaci\u00f3n de trabajos para el Congreso Argentino de Ingenier\u00eda (CADI 2016), que se llevar\u00e1 a cabo del 7 al 9 de Septiembre en la ciudad de Resistencia \u2013 Chaco, organizado por la Facultad Regional Resistencia de la UTN y la Facultad de Ingenier\u00eda de la UNNE.\u00a0\u00a0\u00a0 <!--more--><\/p>\n<p>El CADI es una iniciativa del Consejo Federal de Decanos de Ingenier\u00eda de Argentina, que convoca a todos los referentes de la Ingenier\u00eda Argentina a fin de generar un \u00e1mbito para el intercambio de experiencias, que permita adem\u00e1s difundir e impulsar la actividad de la Ingenier\u00eda en general y de los acad\u00e9micos en particular, profundizar el conocimiento a partir del debate, generar lazos de cooperaci\u00f3n, brindar la oportunidad para los acuerdos interinstitucionales en pro de proyectos compartidos y del intercambio de ideas, agregando valor a los esfuerzos individuales.<\/p>\n<p>Se trata de un congreso nacional, en el cual por tercera vez, se reunir\u00e1 toda la ingenier\u00eda argentina, bajo el lema \u201cLa Ingenier\u00eda como herramienta de Integraci\u00f3n\u201d<strong>. <\/strong><\/p>\n<p>El CADI 2016 ofrecer\u00e1, adem\u00e1s de las tradicionales conferencias y exposici\u00f3n de trabajos aceptados en los diferentes cap\u00edtulos, talleres orientados a desarrollar las competencias transversales en la formaci\u00f3n de ingenieros, as\u00ed como la primera \u201cExpo Ingenier\u00eda\u201d, donde la industria, tanto del NEA como de todo el pa\u00eds, comparta con la Academia y el p\u00fablico en general los \u00faltimos avances incorporados a la Industria Nacional.<\/p>\n<p><strong><span style=\"text-decoration: underline\">Env\u00edo de res\u00famenes<\/span>:<\/strong><br \/>\nLos autores que deseen enviar su resumen deben hacerlo en dos pasos:<br \/>\n1) Registro del autor entrando al siguiente enlace del <a href=\"http:\/\/caim2014.unne.edu.ar\/cadi-registro\/\" target=\"_blank\">sistema de conferencias<\/a>;<br \/>\n2) Ese autor recibe un correo de confirmaci\u00f3n y, adem\u00e1s, la direcci\u00f3n URL en la que cargar\u00e1 el resumen.<\/p>\n<p><span style=\"color: #ff0000\"><strong>El env\u00edo de res\u00famenes de trabajos se encuentra habilitado hasta el 31 de marzo de 2016.<\/strong><\/span><\/p>\n<p><strong><span style=\"text-decoration: underline\">Contacto<\/span>:<\/strong><br \/>\nCorreo electr\u00f3nico: <a href=\"mailto:info@cadi.org.ar\">info@cadi.org.ar<\/a><br \/>\nP\u00e1gina web:<strong>\u00a0<\/strong><a href=\"http:\/\/www.cadi.org.ar\" target=\"_blank\">www.cadi.org.ar<\/a><\/p>\n<p><a href=\"https:\/\/www.facet.unt.edu.ar\/facetinforma\/wp-content\/uploads\/sites\/9\/2016\/02\/header.jpg\" rel=\"attachment wp-att-9666\"><img decoding=\"async\" loading=\"lazy\" class=\"aligncenter wp-image-9666\" src=\"https:\/\/www.facet.unt.edu.ar\/facetinforma\/wp-content\/uploads\/sites\/9\/2016\/02\/header.jpg\" alt=\"header\" width=\"721\" height=\"195\" srcset=\"https:\/\/www.facet.unt.edu.ar\/facetinforma\/wp-content\/uploads\/sites\/9\/2016\/02\/header.jpg 887w, https:\/\/www.facet.unt.edu.ar\/facetinforma\/wp-content\/uploads\/sites\/9\/2016\/02\/header-300x81.jpg 300w, https:\/\/www.facet.unt.edu.ar\/facetinforma\/wp-content\/uploads\/sites\/9\/2016\/02\/header-768x208.jpg 768w\" sizes=\"(max-width: 721px) 100vw, 721px\" \/><\/a><\/p>\n","protected":false},"excerpt":{"rendered":"<p>La FACET invita a participar de la presentaci\u00f3n de trabajos para el Congreso Argentino de Ingenier\u00eda (CADI 2016), que se llevar\u00e1 a cabo del 7 al 9 de Septiembre en la ciudad de Resistencia \u2013 Chaco, organizado por la Facultad Regional Resistencia de la UTN y la Facultad de Ingenier\u00eda de la UNNE.\u00a0\u00a0\u00a0<\/p>\n","protected":false},"author":6,"featured_media":0,"comment_status":"closed","ping_status":"closed","sticky":false,"template":"","format":"standard","meta":[],"categories":[5],"tags":[],"_links":{"self":[{"href":"https:\/\/www.facet.unt.edu.ar\/facetinforma\/wp-json\/wp\/v2\/posts\/9665"}],"collection":[{"href":"https:\/\/www.facet.unt.edu.ar\/facetinforma\/wp-json\/wp\/v2\/posts"}],"about":[{"href":"https:\/\/www.facet.unt.edu.ar\/facetinforma\/wp-json\/wp\/v2\/types\/post"}],"author":[{"embeddable":true,"href":"https:\/\/www.facet.unt.edu.ar\/facetinforma\/wp-json\/wp\/v2\/users\/6"}],"replies":[{"embeddable":true,"href":"https:\/\/www.facet.unt.edu.ar\/facetinforma\/wp-json\/wp\/v2\/comments?post=9665"}],"version-history":[{"count":4,"href":"https:\/\/www.facet.unt.edu.ar\/facetinforma\/wp-json\/wp\/v2\/posts\/9665\/revisions"}],"predecessor-version":[{"id":9670,"href":"https:\/\/www.facet.unt.edu.ar\/facetinforma\/wp-json\/wp\/v2\/posts\/9665\/revisions\/9670"}],"wp:attachment":[{"href":"https:\/\/www.facet.unt.edu.ar\/facetinforma\/wp-json\/wp\/v2\/media?parent=9665"}],"wp:term":[{"taxonomy":"category","embeddable":true,"href":"https:\/\/www.facet.unt.edu.ar\/facetinforma\/wp-json\/wp\/v2\/categories?post=9665"},{"taxonomy":"post_tag","embeddable":true,"href":"https:\/\/www.facet.unt.edu.ar\/facetinforma\/wp-json\/wp\/v2\/tags?post=9665"}],"curies":[{"name":"wp","href":"https:\/\/api.w.org\/{rel}","templated":true}]}}