{"id":9672,"date":"2016-02-11T14:30:21","date_gmt":"2016-02-11T17:30:21","guid":{"rendered":"https:\/\/www.facet.unt.edu.ar\/facetinforma\/?p=9672"},"modified":"2016-02-11T16:16:51","modified_gmt":"2016-02-11T19:16:51","slug":"feliz-dia-de-la-mujer-en-la-ciencia","status":"publish","type":"post","link":"https:\/\/www.facet.unt.edu.ar\/facetinforma\/2016\/02\/11\/feliz-dia-de-la-mujer-en-la-ciencia\/","title":{"rendered":"\u00a1Feliz d\u00eda de la Mujer en la Ciencia!"},"content":{"rendered":"<p>Con el fin de lograr el acceso, la participaci\u00f3n plena y equitativa y la igualdad de g\u00e9nero de mujeres y ni\u00f1as en la ciencia, la Asamblea General de las Naciones Unidas, declar\u00f3 esta fecha como el &#8220;D\u00eda Internacional de la Mujer y la Ni\u00f1a en la Ciencia&#8221;.\u00a0\u00a0 <!--more--><\/p>\n<p>El Sr. De\u00adcano de la Fa\u00adcul\u00adtad de Cien\u00adcias Exac\u00adtas y Tec\u00adno\u00adlo\u00adg\u00eda de la Uni\u00adver\u00adsi\u00addad Na\u00adcio\u00adnal de Tu\u00adcu\u00adm\u00e1n, Ing. Sergio Pagani,\u00a0\u00a0junto a todos los in\u00adte\u00adgran\u00adtes de su ga\u00adbi\u00adne\u00adte, env\u00eda un c\u00e1lido saludo a todas las mujeres\u00a0cient\u00edficas\u00a0de la comunidad FACET.<\/p>\n<p><a href=\"https:\/\/www.facet.unt.edu.ar\/facetinforma\/wp-content\/uploads\/sites\/9\/2016\/02\/dia-de-la-mujer-en-la-ciencia.jpg\" rel=\"attachment wp-att-9673\"><img decoding=\"async\" loading=\"lazy\" class=\"aligncenter wp-image-9673\" src=\"https:\/\/www.facet.unt.edu.ar\/facetinforma\/wp-content\/uploads\/sites\/9\/2016\/02\/dia-de-la-mujer-en-la-ciencia.jpg\" alt=\"dia de la mujer en la ciencia\" width=\"541\" height=\"451\" srcset=\"https:\/\/www.facet.unt.edu.ar\/facetinforma\/wp-content\/uploads\/sites\/9\/2016\/02\/dia-de-la-mujer-en-la-ciencia.jpg 960w, https:\/\/www.facet.unt.edu.ar\/facetinforma\/wp-content\/uploads\/sites\/9\/2016\/02\/dia-de-la-mujer-en-la-ciencia-300x250.jpg 300w, https:\/\/www.facet.unt.edu.ar\/facetinforma\/wp-content\/uploads\/sites\/9\/2016\/02\/dia-de-la-mujer-en-la-ciencia-768x640.jpg 768w\" sizes=\"(max-width: 541px) 100vw, 541px\" \/><\/a><\/p>\n","protected":false},"excerpt":{"rendered":"<p>Con el fin de lograr el acceso, la participaci\u00f3n plena y equitativa y la igualdad de g\u00e9nero de mujeres y ni\u00f1as en la ciencia, la Asamblea General de las Naciones Unidas, declar\u00f3 esta fecha como el &#8220;D\u00eda Internacional de la Mujer y la Ni\u00f1a en la Ciencia&#8221;.\u00a0\u00a0<\/p>\n","protected":false},"author":6,"featured_media":0,"comment_status":"closed","ping_status":"closed","sticky":false,"template":"","format":"standard","meta":[],"categories":[5],"tags":[],"_links":{"self":[{"href":"https:\/\/www.facet.unt.edu.ar\/facetinforma\/wp-json\/wp\/v2\/posts\/9672"}],"collection":[{"href":"https:\/\/www.facet.unt.edu.ar\/facetinforma\/wp-json\/wp\/v2\/posts"}],"about":[{"href":"https:\/\/www.facet.unt.edu.ar\/facetinforma\/wp-json\/wp\/v2\/types\/post"}],"author":[{"embeddable":true,"href":"https:\/\/www.facet.unt.edu.ar\/facetinforma\/wp-json\/wp\/v2\/users\/6"}],"replies":[{"embeddable":true,"href":"https:\/\/www.facet.unt.edu.ar\/facetinforma\/wp-json\/wp\/v2\/comments?post=9672"}],"version-history":[{"count":2,"href":"https:\/\/www.facet.unt.edu.ar\/facetinforma\/wp-json\/wp\/v2\/posts\/9672\/revisions"}],"predecessor-version":[{"id":9675,"href":"https:\/\/www.facet.unt.edu.ar\/facetinforma\/wp-json\/wp\/v2\/posts\/9672\/revisions\/9675"}],"wp:attachment":[{"href":"https:\/\/www.facet.unt.edu.ar\/facetinforma\/wp-json\/wp\/v2\/media?parent=9672"}],"wp:term":[{"taxonomy":"category","embeddable":true,"href":"https:\/\/www.facet.unt.edu.ar\/facetinforma\/wp-json\/wp\/v2\/categories?post=9672"},{"taxonomy":"post_tag","embeddable":true,"href":"https:\/\/www.facet.unt.edu.ar\/facetinforma\/wp-json\/wp\/v2\/tags?post=9672"}],"curies":[{"name":"wp","href":"https:\/\/api.w.org\/{rel}","templated":true}]}}