{"id":9676,"date":"2016-02-16T18:12:25","date_gmt":"2016-02-16T21:12:25","guid":{"rendered":"https:\/\/www.facet.unt.edu.ar\/facetinforma\/?p=9676"},"modified":"2016-02-16T23:08:58","modified_gmt":"2016-02-17T02:08:58","slug":"ibaco-ingenieria-y-construccion-s-r-l-busqueda-laboral","status":"publish","type":"post","link":"https:\/\/www.facet.unt.edu.ar\/facetinforma\/2016\/02\/16\/ibaco-ingenieria-y-construccion-s-r-l-busqueda-laboral\/","title":{"rendered":"IBACO INGENIER\u00cdA Y CONSTRUCCI\u00d3N S.R.L. &#8211; B\u00fasqueda Laboral"},"content":{"rendered":"<p>IBACO INGENIER\u00cdA Y CONSTRUCCI\u00d3N S.R.L. busca graduado de la carrera de Ingenier\u00eda Civil de la FACET, para incorporarse a la empresa como Jefe de Obra.\u00a0\u00a0 <!--more--><\/p>\n<p><u>DESCRIPCI\u00d3N DE TAREA\/S Y\/O RESPONSABILIDAD\/ES:<\/u><br \/>\n\u00d8\u00a0Planificaci\u00f3n de Obra.<br \/>\n\u00d8\u00a0Gesti\u00f3n de Recursos.<br \/>\n\u00d8\u00a0Manejo de Personal.<\/p>\n<p><u>REQUISITO\/S Y\/O CONOCIMIENTO\/S:<\/u><br \/>\n\u00d8\u00a0Graduado\/a de la Carrera de Ingenier\u00eda Civil de la FACET.<br \/>\n\u00d8\u00a0Buen Desempe\u00f1o Acad\u00e9mico.<br \/>\n\u00d8\u00a0Experiencia en Obras (deseable).<\/p>\n<p>Los interesados deben enviar su CV, hasta el <strong>Martes 23 de Febrero de<\/strong> <strong>2016<\/strong> a <a href=\"mailto:sae.facet@gmail.com\">sae.facet@gmail.com<\/a> destacando en el Asunto del mail la palabra: \u201cIBACO&#8221;. Adjuntar el CV con el formato: DNI-NombreCompleto.doc \u00f3 DNI-NombreCompleto.pdf. Ejemplo: 12345678-MarianaGarcia.doc<\/p>\n<p><a href=\"https:\/\/www.facet.unt.edu.ar\/facetinforma\/wp-content\/uploads\/sites\/9\/2016\/02\/busqueda-laboral-1bis-2016.png\" rel=\"attachment wp-att-9684\"><img decoding=\"async\" loading=\"lazy\" class=\"aligncenter  wp-image-9684\" src=\"https:\/\/www.facet.unt.edu.ar\/facetinforma\/wp-content\/uploads\/sites\/9\/2016\/02\/busqueda-laboral-1bis-2016.png\" alt=\"busqueda laboral 1bis-2016\" width=\"521\" height=\"497\" srcset=\"https:\/\/www.facet.unt.edu.ar\/facetinforma\/wp-content\/uploads\/sites\/9\/2016\/02\/busqueda-laboral-1bis-2016.png 649w, https:\/\/www.facet.unt.edu.ar\/facetinforma\/wp-content\/uploads\/sites\/9\/2016\/02\/busqueda-laboral-1bis-2016-300x286.png 300w\" sizes=\"(max-width: 521px) 100vw, 521px\" \/><\/a><\/p>\n<p style=\"text-align: center\">IMPORTANTE: NO SE RECIBIR\u00c1N ARCHIVOS DE M\u00c1S DE 500 KB.<\/p>\n<p>Atentamente<\/p>\n<p>&#8212;<br \/>\nIng. Marcelo Emilio Leiva<br \/>\nCoordinador de Pasant\u00edas y Becas<br \/>\nSecretar\u00eda de Bienestar Estudiantil<br \/>\nFACET &#8211; UNT<\/p>\n","protected":false},"excerpt":{"rendered":"<p>IBACO INGENIER\u00cdA Y CONSTRUCCI\u00d3N S.R.L. busca graduado de la carrera de Ingenier\u00eda Civil de la FACET, para incorporarse a la empresa como Jefe de Obra.\u00a0\u00a0<\/p>\n","protected":false},"author":6,"featured_media":0,"comment_status":"closed","ping_status":"closed","sticky":false,"template":"","format":"standard","meta":[],"categories":[5,6],"tags":[],"_links":{"self":[{"href":"https:\/\/www.facet.unt.edu.ar\/facetinforma\/wp-json\/wp\/v2\/posts\/9676"}],"collection":[{"href":"https:\/\/www.facet.unt.edu.ar\/facetinforma\/wp-json\/wp\/v2\/posts"}],"about":[{"href":"https:\/\/www.facet.unt.edu.ar\/facetinforma\/wp-json\/wp\/v2\/types\/post"}],"author":[{"embeddable":true,"href":"https:\/\/www.facet.unt.edu.ar\/facetinforma\/wp-json\/wp\/v2\/users\/6"}],"replies":[{"embeddable":true,"href":"https:\/\/www.facet.unt.edu.ar\/facetinforma\/wp-json\/wp\/v2\/comments?post=9676"}],"version-history":[{"count":2,"href":"https:\/\/www.facet.unt.edu.ar\/facetinforma\/wp-json\/wp\/v2\/posts\/9676\/revisions"}],"predecessor-version":[{"id":9685,"href":"https:\/\/www.facet.unt.edu.ar\/facetinforma\/wp-json\/wp\/v2\/posts\/9676\/revisions\/9685"}],"wp:attachment":[{"href":"https:\/\/www.facet.unt.edu.ar\/facetinforma\/wp-json\/wp\/v2\/media?parent=9676"}],"wp:term":[{"taxonomy":"category","embeddable":true,"href":"https:\/\/www.facet.unt.edu.ar\/facetinforma\/wp-json\/wp\/v2\/categories?post=9676"},{"taxonomy":"post_tag","embeddable":true,"href":"https:\/\/www.facet.unt.edu.ar\/facetinforma\/wp-json\/wp\/v2\/tags?post=9676"}],"curies":[{"name":"wp","href":"https:\/\/api.w.org\/{rel}","templated":true}]}}