{"id":9761,"date":"2016-02-26T19:35:33","date_gmt":"2016-02-26T22:35:33","guid":{"rendered":"https:\/\/www.facet.unt.edu.ar\/facetinforma\/?p=9761"},"modified":"2016-02-26T19:36:24","modified_gmt":"2016-02-26T22:36:24","slug":"invitacion-acto-de-apertura-especializacion-mavile-10o-edicion","status":"publish","type":"post","link":"https:\/\/www.facet.unt.edu.ar\/facetinforma\/2016\/02\/26\/invitacion-acto-de-apertura-especializacion-mavile-10o-edicion\/","title":{"rendered":"Invitaci\u00f3n Acto de Apertura Especializaci\u00f3n MAVILE 10\u00ba Edici\u00f3n"},"content":{"rendered":"<p>El <strong>lunes 29 de Febrero<\/strong> se realizar\u00e1 el acto inaugural de la Carrera de Posgrado de Especializaci\u00f3n en<strong> Medio Ambiente Visual e Iluminaci\u00f3n Eficiente (MAVILE)<\/strong>, el cual tendr\u00e1 lugar en la sede del Departamento de Luminotecnia, Luz y Visi\u00f3n \u201cIng. Herberto C. B\u00fchler\u201d de la FACET a las <strong>10:30 hs.<br \/>\n<\/strong><!--more--><\/p>\n<p><u>Cronograma<\/u>:<br \/>\n10:30 hs.<\/p>\n<ul>\n<li>Acto de Bienvenida a los alumnos de la Especializaci\u00f3n en Medio Ambiente Visual e Iluminaci\u00f3n Eficiente.<\/li>\n<li>Palabras del Director Acad\u00e9mico de la Especializaci\u00f3n MAVILE: Mag. Ing. Mario Raitelli.<\/li>\n<li>Palabras del Jefe del Depto. de Luminotecnia, Luz y Visi\u00f3n: Dr. Ing. Eduardo Manzano.<\/li>\n<li>Bienvenida a los alumnos a cargo del Decano de la Facultad de Ciencias Exactas y Tecnolog\u00eda: Mag. Ing. Sergio Pagani.<\/li>\n<\/ul>\n<p>11:00 hs.<\/p>\n<ul>\n<li>Charla \u201cRetrospectiva de la Especializaci\u00f3n en Medio Ambiente Visual e Iluminaci\u00f3n Eficiente en su 10\u00ba Edici\u00f3n\u201d. A cargo del Dr. Carlos F. Kirschbaum.<\/li>\n<\/ul>\n<p>11:45 hs.<\/p>\n<ul>\n<li>\u00c1gape de bienvenida.<\/li>\n<\/ul>\n<p>El MAVILE est\u00e1 dirigido a graduados universitarios de las carreras de Ingenier\u00eda, Arquitectura, Dise\u00f1o, etc. El graduado adquirir\u00e1 formaci\u00f3n para realizar instalaciones de iluminaci\u00f3n de distinto grado de complejidad. La carrera incluye 400hs de cursos de postgrado presenciales, con un cuerpo docente altamente calificado con profesores de la UNT, de la UBA y del CCT CONICET de Mendoza, adem\u00e1s de profesores visitantes.<\/p>\n<p>Se dictar\u00e1n tres m\u00f3dulos:<br \/>\nM\u00f3dulo 1: \u00d3ptica, visi\u00f3n, color y fotometr\u00eda.<br \/>\nM\u00f3dulo 2: Los factores humanos en iluminaci\u00f3n.<br \/>\nM\u00f3dulo 3: El dise\u00f1o de iluminaci\u00f3n.<\/p>\n<p><a href=\"https:\/\/www.facet.unt.edu.ar\/facetinforma\/wp-content\/uploads\/sites\/9\/2016\/02\/MAVILE-2016.png\" rel=\"attachment wp-att-9763\"><img decoding=\"async\" loading=\"lazy\" class=\"aligncenter wp-image-9763\" src=\"https:\/\/www.facet.unt.edu.ar\/facetinforma\/wp-content\/uploads\/sites\/9\/2016\/02\/MAVILE-2016.png\" alt=\"MAVILE 2016\" width=\"656\" height=\"315\" srcset=\"https:\/\/www.facet.unt.edu.ar\/facetinforma\/wp-content\/uploads\/sites\/9\/2016\/02\/MAVILE-2016.png 748w, https:\/\/www.facet.unt.edu.ar\/facetinforma\/wp-content\/uploads\/sites\/9\/2016\/02\/MAVILE-2016-300x144.png 300w\" sizes=\"(max-width: 656px) 100vw, 656px\" \/><\/a><\/p>\n","protected":false},"excerpt":{"rendered":"<p>El lunes 29 de Febrero se realizar\u00e1 el acto inaugural de la Carrera de Posgrado de Especializaci\u00f3n en Medio Ambiente Visual e Iluminaci\u00f3n Eficiente (MAVILE), el cual tendr\u00e1 lugar en la sede del Departamento de Luminotecnia, Luz y Visi\u00f3n \u201cIng. Herberto C. B\u00fchler\u201d de la FACET a las 10:30 hs.<\/p>\n","protected":false},"author":6,"featured_media":0,"comment_status":"closed","ping_status":"closed","sticky":false,"template":"","format":"standard","meta":[],"categories":[5],"tags":[],"_links":{"self":[{"href":"https:\/\/www.facet.unt.edu.ar\/facetinforma\/wp-json\/wp\/v2\/posts\/9761"}],"collection":[{"href":"https:\/\/www.facet.unt.edu.ar\/facetinforma\/wp-json\/wp\/v2\/posts"}],"about":[{"href":"https:\/\/www.facet.unt.edu.ar\/facetinforma\/wp-json\/wp\/v2\/types\/post"}],"author":[{"embeddable":true,"href":"https:\/\/www.facet.unt.edu.ar\/facetinforma\/wp-json\/wp\/v2\/users\/6"}],"replies":[{"embeddable":true,"href":"https:\/\/www.facet.unt.edu.ar\/facetinforma\/wp-json\/wp\/v2\/comments?post=9761"}],"version-history":[{"count":4,"href":"https:\/\/www.facet.unt.edu.ar\/facetinforma\/wp-json\/wp\/v2\/posts\/9761\/revisions"}],"predecessor-version":[{"id":9767,"href":"https:\/\/www.facet.unt.edu.ar\/facetinforma\/wp-json\/wp\/v2\/posts\/9761\/revisions\/9767"}],"wp:attachment":[{"href":"https:\/\/www.facet.unt.edu.ar\/facetinforma\/wp-json\/wp\/v2\/media?parent=9761"}],"wp:term":[{"taxonomy":"category","embeddable":true,"href":"https:\/\/www.facet.unt.edu.ar\/facetinforma\/wp-json\/wp\/v2\/categories?post=9761"},{"taxonomy":"post_tag","embeddable":true,"href":"https:\/\/www.facet.unt.edu.ar\/facetinforma\/wp-json\/wp\/v2\/tags?post=9761"}],"curies":[{"name":"wp","href":"https:\/\/api.w.org\/{rel}","templated":true}]}}