{"id":9829,"date":"2016-03-03T15:26:56","date_gmt":"2016-03-03T18:26:56","guid":{"rendered":"https:\/\/www.facet.unt.edu.ar\/facetinforma\/?p=9829"},"modified":"2016-03-03T15:59:45","modified_gmt":"2016-03-03T18:59:45","slug":"especializacion-en-docencia-universitaria-frt-utn","status":"publish","type":"post","link":"https:\/\/www.facet.unt.edu.ar\/facetinforma\/2016\/03\/03\/especializacion-en-docencia-universitaria-frt-utn\/","title":{"rendered":"Especializaci\u00f3n en Docencia Universitaria"},"content":{"rendered":"<p>La Facultad Regional Tucum\u00e1n informa de la apertura de una nueva cohorte de la Carrera de Especializaci\u00f3n en Docencia Universitaria. La misma est\u00e1 destinada a graduados universitarios de carreras de grado de distintas disciplinas y en \u00a0particular, a aquellos profesionales que se dedican a la docencia en la universidad, o tienen inter\u00e9s en desempe\u00f1arse en ese \u00e1mbito.\u00a0\u00a0 <!--more--><\/p>\n<p><u>Preinscripciones<\/u>: hasta el 28 de Marzo<br \/>\n<u>Inicio de actividades<\/u>: Abril 2016<\/p>\n<p>M\u00e1s informaci\u00f3n en: <a href=\"http:\/\/www.frt.utn.edu.ar\/posgrado\/especialidad\/docencia\/\" target=\"_blank\">www.frt.utn.edu.ar\/posgrado<\/a><\/p>\n<p><a href=\"https:\/\/www.facet.unt.edu.ar\/facetinforma\/wp-content\/uploads\/sites\/9\/2016\/03\/Afiche04-1.jpg\" rel=\"attachment wp-att-9830\"><img decoding=\"async\" loading=\"lazy\" class=\"aligncenter wp-image-9830\" src=\"https:\/\/www.facet.unt.edu.ar\/facetinforma\/wp-content\/uploads\/sites\/9\/2016\/03\/Afiche04-1-734x1024.jpg\" alt=\"Afiche04 (1)\" width=\"438\" height=\"611\" srcset=\"https:\/\/www.facet.unt.edu.ar\/facetinforma\/wp-content\/uploads\/sites\/9\/2016\/03\/Afiche04-1-734x1024.jpg 734w, https:\/\/www.facet.unt.edu.ar\/facetinforma\/wp-content\/uploads\/sites\/9\/2016\/03\/Afiche04-1-215x300.jpg 215w, https:\/\/www.facet.unt.edu.ar\/facetinforma\/wp-content\/uploads\/sites\/9\/2016\/03\/Afiche04-1-768x1072.jpg 768w, https:\/\/www.facet.unt.edu.ar\/facetinforma\/wp-content\/uploads\/sites\/9\/2016\/03\/Afiche04-1.jpg 1460w\" sizes=\"(max-width: 438px) 100vw, 438px\" \/><\/a><\/p>\n","protected":false},"excerpt":{"rendered":"<p>La Facultad Regional Tucum\u00e1n informa de la apertura de una nueva cohorte de la Carrera de Especializaci\u00f3n en Docencia Universitaria. La misma est\u00e1 destinada a graduados universitarios de carreras de grado de distintas disciplinas y en \u00a0particular, a aquellos profesionales que se dedican a la docencia en la universidad, o tienen inter\u00e9s en desempe\u00f1arse en [&hellip;]<\/p>\n","protected":false},"author":6,"featured_media":0,"comment_status":"closed","ping_status":"closed","sticky":false,"template":"","format":"standard","meta":[],"categories":[5],"tags":[],"_links":{"self":[{"href":"https:\/\/www.facet.unt.edu.ar\/facetinforma\/wp-json\/wp\/v2\/posts\/9829"}],"collection":[{"href":"https:\/\/www.facet.unt.edu.ar\/facetinforma\/wp-json\/wp\/v2\/posts"}],"about":[{"href":"https:\/\/www.facet.unt.edu.ar\/facetinforma\/wp-json\/wp\/v2\/types\/post"}],"author":[{"embeddable":true,"href":"https:\/\/www.facet.unt.edu.ar\/facetinforma\/wp-json\/wp\/v2\/users\/6"}],"replies":[{"embeddable":true,"href":"https:\/\/www.facet.unt.edu.ar\/facetinforma\/wp-json\/wp\/v2\/comments?post=9829"}],"version-history":[{"count":5,"href":"https:\/\/www.facet.unt.edu.ar\/facetinforma\/wp-json\/wp\/v2\/posts\/9829\/revisions"}],"predecessor-version":[{"id":9846,"href":"https:\/\/www.facet.unt.edu.ar\/facetinforma\/wp-json\/wp\/v2\/posts\/9829\/revisions\/9846"}],"wp:attachment":[{"href":"https:\/\/www.facet.unt.edu.ar\/facetinforma\/wp-json\/wp\/v2\/media?parent=9829"}],"wp:term":[{"taxonomy":"category","embeddable":true,"href":"https:\/\/www.facet.unt.edu.ar\/facetinforma\/wp-json\/wp\/v2\/categories?post=9829"},{"taxonomy":"post_tag","embeddable":true,"href":"https:\/\/www.facet.unt.edu.ar\/facetinforma\/wp-json\/wp\/v2\/tags?post=9829"}],"curies":[{"name":"wp","href":"https:\/\/api.w.org\/{rel}","templated":true}]}}