{"id":9871,"date":"2016-03-07T19:11:30","date_gmt":"2016-03-07T22:11:30","guid":{"rendered":"https:\/\/www.facet.unt.edu.ar\/facetinforma\/?p=9871"},"modified":"2016-03-07T19:11:30","modified_gmt":"2016-03-07T22:11:30","slug":"convocatoria-para-cubrir-una-beca-de-un-proyecto-de-desarrollo-tecnologico","status":"publish","type":"post","link":"https:\/\/www.facet.unt.edu.ar\/facetinforma\/2016\/03\/07\/convocatoria-para-cubrir-una-beca-de-un-proyecto-de-desarrollo-tecnologico\/","title":{"rendered":"Convocatoria para cubrir una beca de un Proyecto de Desarrollo Tecnol\u00f3gico"},"content":{"rendered":"<p>El Instituto de Investigaci\u00f3n en Luz, Ambiente y Visi\u00f3n (CONICET-Universidad Nacional de Tucum\u00e1n) llama a concurso de antecedentes a interesados a participar en el Proyecto: \u201cDesarrollo Tecnol\u00f3gico de Equipos Especializados en Luz y Visi\u00f3n\u201d.\u00a0\u00a0 <!--more--><\/p>\n<p>En el marco de la Convocatoria: Doctores en Universidades para Transferencia Tecnol\u00f3gica D-TEC 2013 (Agencia Nacional de Promoci\u00f3n Cient\u00edfica y Tecnol\u00f3gica &#8211; ANPCyT).<\/p>\n<p>\u201cEl D-TEC tiene como objetivo principal incrementar el volumen de transferencia tecnol\u00f3gica de las universidades p\u00fablicas hacia el medio regional en el que est\u00e1n insertas. Para ello financiar\u00e1 la incorporaci\u00f3n en estas instituciones de profesionales altamente calificados con t\u00edtulo reciente de doctorado, para iniciar, ampliar y\/o mejorar las capacidades de producir y transferir conocimiento y\/o servicios orientados a remover obst\u00e1culos tecnol\u00f3gicos y\/o aprovechar oportunidades del sector productivo o social a escala regional con nuevas tecnolog\u00edas. Asimismo, sensibilizar a las instituciones p\u00fablicas y privadas, y a los profesionales que act\u00faan ya sea en el \u00e1mbito productivo como en actividades de investigaci\u00f3n en \u00e1reas de potencialidad tecnol\u00f3gica, sobre la importancia y ventajas que se derivan de la articulaci\u00f3n de los distintos actores en el marco de un proyecto de crecimiento inclusivo basado en la competitividad din\u00e1mica\u201d.<\/p>\n<p>El proyecto se desarrollar\u00e1 en el INSTITUTO DE INVESTIGAC\u00d3N EN LUZ, AMBIENTE Y VISI\u00d3N (UNT-CONICET), Facultad de Ciencias Exactas y Tecnolog\u00eda, Universidad Nacional de Tucum\u00e1n, sito en Av. Independencia 1.800, San Miguel de Tucum\u00e1n, Tucum\u00e1n, Argentina.<\/p>\n<p>Se encuentra abierta la convocatoria para:<br \/>\n&#8211; 1 (una) Beca PAF (Profesional de Apoyo en Formaci\u00f3n) de 26 meses de duraci\u00f3n. Para ver Bases y Condiciones, seleccione <a href=\"https:\/\/www.facet.unt.edu.ar\/facetinforma\/wp-content\/uploads\/sites\/9\/2016\/03\/bases-y-condiciones-PAF.pdf\" target=\"_blank\">aqu\u00ed<\/a>.<\/p>\n<p><u>Per\u00edodo de la convocatoria<\/u>: desde el 01 de Marzo hasta el 15 de Marzo del 2016.<\/p>\n<p>Las consultas deben dirigirse a: <a href=\"mailto:ecolombo@herrera.unt.edu.ar\" target=\"_blank\">ecolombo@herrera.unt.edu.ar<\/a> o <a href=\"mailto:lissolio@herrera.unt.edu.ar\">lissolio@herrera.unt.edu.ar<\/a><\/p>\n<p>&nbsp;<\/p>\n","protected":false},"excerpt":{"rendered":"<p>El Instituto de Investigaci\u00f3n en Luz, Ambiente y Visi\u00f3n (CONICET-Universidad Nacional de Tucum\u00e1n) llama a concurso de antecedentes a interesados a participar en el Proyecto: \u201cDesarrollo Tecnol\u00f3gico de Equipos Especializados en Luz y Visi\u00f3n\u201d.\u00a0\u00a0<\/p>\n","protected":false},"author":6,"featured_media":0,"comment_status":"closed","ping_status":"closed","sticky":false,"template":"","format":"standard","meta":[],"categories":[3,5],"tags":[],"_links":{"self":[{"href":"https:\/\/www.facet.unt.edu.ar\/facetinforma\/wp-json\/wp\/v2\/posts\/9871"}],"collection":[{"href":"https:\/\/www.facet.unt.edu.ar\/facetinforma\/wp-json\/wp\/v2\/posts"}],"about":[{"href":"https:\/\/www.facet.unt.edu.ar\/facetinforma\/wp-json\/wp\/v2\/types\/post"}],"author":[{"embeddable":true,"href":"https:\/\/www.facet.unt.edu.ar\/facetinforma\/wp-json\/wp\/v2\/users\/6"}],"replies":[{"embeddable":true,"href":"https:\/\/www.facet.unt.edu.ar\/facetinforma\/wp-json\/wp\/v2\/comments?post=9871"}],"version-history":[{"count":1,"href":"https:\/\/www.facet.unt.edu.ar\/facetinforma\/wp-json\/wp\/v2\/posts\/9871\/revisions"}],"predecessor-version":[{"id":9872,"href":"https:\/\/www.facet.unt.edu.ar\/facetinforma\/wp-json\/wp\/v2\/posts\/9871\/revisions\/9872"}],"wp:attachment":[{"href":"https:\/\/www.facet.unt.edu.ar\/facetinforma\/wp-json\/wp\/v2\/media?parent=9871"}],"wp:term":[{"taxonomy":"category","embeddable":true,"href":"https:\/\/www.facet.unt.edu.ar\/facetinforma\/wp-json\/wp\/v2\/categories?post=9871"},{"taxonomy":"post_tag","embeddable":true,"href":"https:\/\/www.facet.unt.edu.ar\/facetinforma\/wp-json\/wp\/v2\/tags?post=9871"}],"curies":[{"name":"wp","href":"https:\/\/api.w.org\/{rel}","templated":true}]}}