{"id":9984,"date":"2016-03-18T17:00:55","date_gmt":"2016-03-18T20:00:55","guid":{"rendered":"https:\/\/www.facet.unt.edu.ar\/facetinforma\/?p=9984"},"modified":"2016-03-18T17:39:06","modified_gmt":"2016-03-18T20:39:06","slug":"busqueda-pasantes-civil-ministerio-de-desarrollo-productivo","status":"publish","type":"post","link":"https:\/\/www.facet.unt.edu.ar\/facetinforma\/2016\/03\/18\/busqueda-pasantes-civil-ministerio-de-desarrollo-productivo\/","title":{"rendered":"B\u00fasqueda Pasantes Civil &#8211; MINISTERIO DE DESARROLLO PRODUCTIVO"},"content":{"rendered":"<p>El MINISTERIO DE DESARROLLO PRODUCTIVO DE LA PROVINCIA DE TUCUM\u00c1N, busca incorporar Alumno\/as Avanzado\/as de la Carrera de Ingenier\u00eda Civil de la FACET como Pasantes para cubrir puestos en dependencias del Ministerio.\u00a0\u00a0 <!--more--><\/p>\n<p><u>REQUISITOS Y\/O CONOCIMIENTOS:<\/u><br \/>\n\u00d8\u00a0Alumno\/as Avanzado\/as de la Carrera de Ingenier\u00eda Civil de la FACET.<br \/>\n\u00d8\u00a0Preferentemente de los \u00faltimos a\u00f1os de la Carrera (No Excluyente).<br \/>\n\u00d8\u00a0Buen Rendimiento Acad\u00e9mico.<br \/>\n\u00d8\u00a0No haber realizado Pasant\u00edas en dependencias gubernamentales provinciales.<\/p>\n<p><u>SE OFRECE:<\/u><br \/>\n\u00d8\u00a0Cumplir 20 horas semanales.<br \/>\n\u00d8\u00a0Periodo del primer contrato 6 meses.<br \/>\n\u00d8\u00a0Renovaci\u00f3n autom\u00e1tica, en caso de buen desempe\u00f1o de 12 meses m\u00e1s.<\/p>\n<p>Los interesados deben enviar su CV hasta el Lunes 28 de Marzo de 2016 a <a href=\"mailto:sae.facet@gmail.com\">sae.facet@gmail.com<\/a> destacando en el Asunto del mail la palabra: \u201cDESARROLLO&#8221;.<\/p>\n<p>Adjuntar el CV con el formato: DNI-NombreCompleto.doc \u00f3 DNI-NombreCompleto.pdf. Ejemplo: 12345678-MarianaGarcia.pdf<\/p>\n<p style=\"text-align: center\"><a href=\"https:\/\/www.facet.unt.edu.ar\/facetinforma\/wp-content\/uploads\/sites\/9\/2016\/03\/PASANTIA-MINISTERIO.png\" rel=\"attachment wp-att-9985\"><img decoding=\"async\" loading=\"lazy\" class=\"aligncenter wp-image-9985\" src=\"https:\/\/www.facet.unt.edu.ar\/facetinforma\/wp-content\/uploads\/sites\/9\/2016\/03\/PASANTIA-MINISTERIO.png\" alt=\"PASANTIA MINISTERIO\" width=\"518\" height=\"494\" srcset=\"https:\/\/www.facet.unt.edu.ar\/facetinforma\/wp-content\/uploads\/sites\/9\/2016\/03\/PASANTIA-MINISTERIO.png 960w, https:\/\/www.facet.unt.edu.ar\/facetinforma\/wp-content\/uploads\/sites\/9\/2016\/03\/PASANTIA-MINISTERIO-300x286.png 300w, https:\/\/www.facet.unt.edu.ar\/facetinforma\/wp-content\/uploads\/sites\/9\/2016\/03\/PASANTIA-MINISTERIO-768x732.png 768w\" sizes=\"(max-width: 518px) 100vw, 518px\" \/><\/a>IMPORTANTE: NO SE RECIBIR\u00c1N ARCHIVOS DE M\u00c1S DE 500 KB.<\/p>\n<p>Atentamente,<\/p>\n<p>&#8212;<br \/>\nIng. Marcelo Emilio Leiva<br \/>\nCoordinador de Pasant\u00edas y Becas<br \/>\nSecretar\u00eda de Bienestar Estudiantil<br \/>\nFACET &#8211; UNT<\/p>\n","protected":false},"excerpt":{"rendered":"<p>El MINISTERIO DE DESARROLLO PRODUCTIVO DE LA PROVINCIA DE TUCUM\u00c1N, busca incorporar Alumno\/as Avanzado\/as de la Carrera de Ingenier\u00eda Civil de la FACET como Pasantes para cubrir puestos en dependencias del Ministerio.\u00a0\u00a0<\/p>\n","protected":false},"author":6,"featured_media":0,"comment_status":"closed","ping_status":"closed","sticky":false,"template":"","format":"standard","meta":[],"categories":[5,6],"tags":[],"_links":{"self":[{"href":"https:\/\/www.facet.unt.edu.ar\/facetinforma\/wp-json\/wp\/v2\/posts\/9984"}],"collection":[{"href":"https:\/\/www.facet.unt.edu.ar\/facetinforma\/wp-json\/wp\/v2\/posts"}],"about":[{"href":"https:\/\/www.facet.unt.edu.ar\/facetinforma\/wp-json\/wp\/v2\/types\/post"}],"author":[{"embeddable":true,"href":"https:\/\/www.facet.unt.edu.ar\/facetinforma\/wp-json\/wp\/v2\/users\/6"}],"replies":[{"embeddable":true,"href":"https:\/\/www.facet.unt.edu.ar\/facetinforma\/wp-json\/wp\/v2\/comments?post=9984"}],"version-history":[{"count":2,"href":"https:\/\/www.facet.unt.edu.ar\/facetinforma\/wp-json\/wp\/v2\/posts\/9984\/revisions"}],"predecessor-version":[{"id":9987,"href":"https:\/\/www.facet.unt.edu.ar\/facetinforma\/wp-json\/wp\/v2\/posts\/9984\/revisions\/9987"}],"wp:attachment":[{"href":"https:\/\/www.facet.unt.edu.ar\/facetinforma\/wp-json\/wp\/v2\/media?parent=9984"}],"wp:term":[{"taxonomy":"category","embeddable":true,"href":"https:\/\/www.facet.unt.edu.ar\/facetinforma\/wp-json\/wp\/v2\/categories?post=9984"},{"taxonomy":"post_tag","embeddable":true,"href":"https:\/\/www.facet.unt.edu.ar\/facetinforma\/wp-json\/wp\/v2\/tags?post=9984"}],"curies":[{"name":"wp","href":"https:\/\/api.w.org\/{rel}","templated":true}]}}