{"id":1717,"date":"2015-12-18T18:30:37","date_gmt":"2015-12-18T21:30:37","guid":{"rendered":"https:\/\/www.facet.unt.edu.ar\/ingcomputacion\/?p=1717"},"modified":"2015-12-18T18:30:37","modified_gmt":"2015-12-18T21:30:37","slug":"especializacion-en-integracion-de-tecnologias-informaticas","status":"publish","type":"post","link":"https:\/\/www.facet.unt.edu.ar\/ingcomputacion\/2015\/12\/18\/especializacion-en-integracion-de-tecnologias-informaticas\/","title":{"rendered":"Especializaci\u00f3n en Integraci\u00f3n de Tecnolog\u00edas Inform\u00e1ticas"},"content":{"rendered":"<p>ESPECIALIZACION EN INTEGRACION DE TECNOLOGIAS INFORMATICAS &#8211; EITI<\/p>\n<p>Lanzamos en la FACET nuestra carrera de especializaci\u00f3n de posgrado:<\/p>\n<p>\u2022 Primera carrera de posgrado para Ingenieros en Computaci\u00f3n en el <span class=\"text_exposed_show\">pa\u00eds y otras carreras con formaci\u00f3n similar.<br \/>\n\u2022 Primera en este tema entre todas las especializaciones en\u00a0tecnolog\u00eda del Pa\u00eds.<br \/>\n\u2022 Reuni\u00f3n de Interesados: Marzo. Fecha a confirmar.<br \/>\n\u2022 Inicio de Dictado: Abril de 2016.<br \/>\n\u2022 Horarios Vespertinos.<br \/>\n\u2022 Cupo M\u00e1ximo: 20 estudiantes.<br \/>\n\u2022 Mayor informaci\u00f3n en: <a href=\"https:\/\/www.facet.unt.edu.ar\/eiti\/\" target=\"_blank\" rel=\"nofollow\">https:\/\/www.facet.unt.edu.ar\/eiti\/<\/a><br \/>\n\u2022 Preinscripci\u00f3n en el siguiente link y reserve su lugar:\u00a0<a href=\"http:\/\/goo.gl\/forms\/UwaHLQKFMT\" target=\"_blank\" rel=\"nofollow\">http:\/\/goo.gl\/forms\/UwaHLQKFMT<\/a><\/span><\/p>\n","protected":false},"excerpt":{"rendered":"<p>ESPECIALIZACION EN INTEGRACION DE TECNOLOGIAS INFORMATICAS &#8211; EITI Lanzamos en la FACET nuestra carrera de especializaci\u00f3n de posgrado: \u2022 Primera carrera de posgrado para Ingenieros en Computaci\u00f3n en el pa\u00eds y otras carreras con formaci\u00f3n similar. \u2022 Primera en este tema entre todas las especializaciones en\u00a0tecnolog\u00eda del Pa\u00eds. \u2022 Reuni\u00f3n de Interesados: Marzo. Fecha a [&hellip;]<\/p>\n","protected":false},"author":7,"featured_media":0,"comment_status":"closed","ping_status":"closed","sticky":false,"template":"","format":"standard","meta":[],"categories":[13],"tags":[],"_links":{"self":[{"href":"https:\/\/www.facet.unt.edu.ar\/ingcomputacion\/wp-json\/wp\/v2\/posts\/1717"}],"collection":[{"href":"https:\/\/www.facet.unt.edu.ar\/ingcomputacion\/wp-json\/wp\/v2\/posts"}],"about":[{"href":"https:\/\/www.facet.unt.edu.ar\/ingcomputacion\/wp-json\/wp\/v2\/types\/post"}],"author":[{"embeddable":true,"href":"https:\/\/www.facet.unt.edu.ar\/ingcomputacion\/wp-json\/wp\/v2\/users\/7"}],"replies":[{"embeddable":true,"href":"https:\/\/www.facet.unt.edu.ar\/ingcomputacion\/wp-json\/wp\/v2\/comments?post=1717"}],"version-history":[{"count":1,"href":"https:\/\/www.facet.unt.edu.ar\/ingcomputacion\/wp-json\/wp\/v2\/posts\/1717\/revisions"}],"predecessor-version":[{"id":1718,"href":"https:\/\/www.facet.unt.edu.ar\/ingcomputacion\/wp-json\/wp\/v2\/posts\/1717\/revisions\/1718"}],"wp:attachment":[{"href":"https:\/\/www.facet.unt.edu.ar\/ingcomputacion\/wp-json\/wp\/v2\/media?parent=1717"}],"wp:term":[{"taxonomy":"category","embeddable":true,"href":"https:\/\/www.facet.unt.edu.ar\/ingcomputacion\/wp-json\/wp\/v2\/categories?post=1717"},{"taxonomy":"post_tag","embeddable":true,"href":"https:\/\/www.facet.unt.edu.ar\/ingcomputacion\/wp-json\/wp\/v2\/tags?post=1717"}],"curies":[{"name":"wp","href":"https:\/\/api.w.org\/{rel}","templated":true}]}}