{"id":2316,"date":"2025-12-23T14:21:42","date_gmt":"2025-12-23T17:21:42","guid":{"rendered":"https:\/\/www.facet.unt.edu.ar\/ingcomputacion\/2025\/12\/23\/se-invita-a-estudiantes-docentes-egresados-y-publico-2\/"},"modified":"2025-12-23T14:21:42","modified_gmt":"2025-12-23T17:21:42","slug":"se-invita-a-estudiantes-docentes-egresados-y-publico-2","status":"publish","type":"post","link":"https:\/\/www.facet.unt.edu.ar\/ingcomputacion\/2025\/12\/23\/se-invita-a-estudiantes-docentes-egresados-y-publico-2\/","title":{"rendered":"Se invita a estudiantes, docentes, egresados y p\u00fablico&#8230;"},"content":{"rendered":"<p>Se invita a estudiantes, docentes, egresados y p\u00fablico en general a la defensa del Trabajo de Graduaci\u00f3n \u201cDise\u00f1o e Implementaci\u00f3n de Red Neuronal de Arquitectura Neurom\u00f3rfica\u201d a cargo del alumno Alejandro Grellet Martinoia.<br \/>\nLa misma se llevar\u00e1 a cabo el d\u00eda lunes 17 de noviembre a las 17:00 hs. en la sala de audiovisuales (Block 3, 1\u00ba piso) y ser\u00e1 transmitida en vivo por el canal de YouTube de la carrera en el siguiente enlace:  https:\/\/www.youtube.com\/watch?v=xzzCNgBYmao <\/p>\n<p> <a href='https:\/\/instagram.com\/p\/DQ_vFrgDfQn' target='_blank' rel=\"noopener\">Ver publicaci\u00f3n original en Instagram<\/a><\/p>\n","protected":false},"excerpt":{"rendered":"<p>Se invita a estudiantes, docentes, egresados y p\u00fablico en general a la defensa del Trabajo de Graduaci\u00f3n \u201cDise\u00f1o e Implementaci\u00f3n de Red Neuronal de Arquitectura Neurom\u00f3rfica\u201d a cargo del alumno Alejandro Grellet Martinoia. La misma se llevar\u00e1 a cabo el d\u00eda lunes 17 de noviembre a las 17:00 hs. en la sala de audiovisuales (Block [&hellip;]<\/p>\n","protected":false},"author":7,"featured_media":2315,"comment_status":"closed","ping_status":"closed","sticky":false,"template":"","format":"standard","meta":[],"categories":[1],"tags":[],"_links":{"self":[{"href":"https:\/\/www.facet.unt.edu.ar\/ingcomputacion\/wp-json\/wp\/v2\/posts\/2316"}],"collection":[{"href":"https:\/\/www.facet.unt.edu.ar\/ingcomputacion\/wp-json\/wp\/v2\/posts"}],"about":[{"href":"https:\/\/www.facet.unt.edu.ar\/ingcomputacion\/wp-json\/wp\/v2\/types\/post"}],"author":[{"embeddable":true,"href":"https:\/\/www.facet.unt.edu.ar\/ingcomputacion\/wp-json\/wp\/v2\/users\/7"}],"replies":[{"embeddable":true,"href":"https:\/\/www.facet.unt.edu.ar\/ingcomputacion\/wp-json\/wp\/v2\/comments?post=2316"}],"version-history":[{"count":0,"href":"https:\/\/www.facet.unt.edu.ar\/ingcomputacion\/wp-json\/wp\/v2\/posts\/2316\/revisions"}],"wp:featuredmedia":[{"embeddable":true,"href":"https:\/\/www.facet.unt.edu.ar\/ingcomputacion\/wp-json\/wp\/v2\/media\/2315"}],"wp:attachment":[{"href":"https:\/\/www.facet.unt.edu.ar\/ingcomputacion\/wp-json\/wp\/v2\/media?parent=2316"}],"wp:term":[{"taxonomy":"category","embeddable":true,"href":"https:\/\/www.facet.unt.edu.ar\/ingcomputacion\/wp-json\/wp\/v2\/categories?post=2316"},{"taxonomy":"post_tag","embeddable":true,"href":"https:\/\/www.facet.unt.edu.ar\/ingcomputacion\/wp-json\/wp\/v2\/tags?post=2316"}],"curies":[{"name":"wp","href":"https:\/\/api.w.org\/{rel}","templated":true}]}}