{"id":2353,"date":"2026-04-23T18:03:21","date_gmt":"2026-04-23T21:03:21","guid":{"rendered":"https:\/\/www.facet.unt.edu.ar\/ingcomputacion\/2026\/04\/23\/se-invita-a-estudiantes-docentes-egresados-y-publico-5\/"},"modified":"2026-04-23T18:03:21","modified_gmt":"2026-04-23T21:03:21","slug":"se-invita-a-estudiantes-docentes-egresados-y-publico-5","status":"publish","type":"post","link":"https:\/\/www.facet.unt.edu.ar\/ingcomputacion\/2026\/04\/23\/se-invita-a-estudiantes-docentes-egresados-y-publico-5\/","title":{"rendered":"Se invita a estudiantes, docentes, egresados y p\u00fablico&#8230;"},"content":{"rendered":"<p>Se invita a estudiantes, docentes, egresados y p\u00fablico en general a la defensa del Trabajo de Graduaci\u00f3n \u201cSistema de Gesti\u00f3n para Actividades de Extensi\u00f3n de la Carrera de Ingenier\u00eda en Computaci\u00f3n\u201d a cargo del alumno \u00c1lvaro Molina Ail\u00e1n. La misma se llevar\u00e1 a cabo el d\u00eda viernes 27 de marzo a las 16:30 hs. de forma virtual por el canal de YouTube de la carrera y podr\u00e1 ser vista en el siguiente enlace: https:\/\/www.youtube.com\/watch?v=thpp9vMDnr8. <\/p>\n<p> <a href='https:\/\/instagram.com\/p\/DWXJJehk1yv' target='_blank' rel=\"noopener\">Ver publicaci\u00f3n original en Instagram<\/a><\/p>\n","protected":false},"excerpt":{"rendered":"<p>Se invita a estudiantes, docentes, egresados y p\u00fablico en general a la defensa del Trabajo de Graduaci\u00f3n \u201cSistema de Gesti\u00f3n para Actividades de Extensi\u00f3n de la Carrera de Ingenier\u00eda en Computaci\u00f3n\u201d a cargo del alumno \u00c1lvaro Molina Ail\u00e1n. La misma se llevar\u00e1 a cabo el d\u00eda viernes 27 de marzo a las 16:30 hs. de [&hellip;]<\/p>\n","protected":false},"author":7,"featured_media":2352,"comment_status":"closed","ping_status":"closed","sticky":false,"template":"","format":"standard","meta":[],"categories":[1],"tags":[],"_links":{"self":[{"href":"https:\/\/www.facet.unt.edu.ar\/ingcomputacion\/wp-json\/wp\/v2\/posts\/2353"}],"collection":[{"href":"https:\/\/www.facet.unt.edu.ar\/ingcomputacion\/wp-json\/wp\/v2\/posts"}],"about":[{"href":"https:\/\/www.facet.unt.edu.ar\/ingcomputacion\/wp-json\/wp\/v2\/types\/post"}],"author":[{"embeddable":true,"href":"https:\/\/www.facet.unt.edu.ar\/ingcomputacion\/wp-json\/wp\/v2\/users\/7"}],"replies":[{"embeddable":true,"href":"https:\/\/www.facet.unt.edu.ar\/ingcomputacion\/wp-json\/wp\/v2\/comments?post=2353"}],"version-history":[{"count":0,"href":"https:\/\/www.facet.unt.edu.ar\/ingcomputacion\/wp-json\/wp\/v2\/posts\/2353\/revisions"}],"wp:featuredmedia":[{"embeddable":true,"href":"https:\/\/www.facet.unt.edu.ar\/ingcomputacion\/wp-json\/wp\/v2\/media\/2352"}],"wp:attachment":[{"href":"https:\/\/www.facet.unt.edu.ar\/ingcomputacion\/wp-json\/wp\/v2\/media?parent=2353"}],"wp:term":[{"taxonomy":"category","embeddable":true,"href":"https:\/\/www.facet.unt.edu.ar\/ingcomputacion\/wp-json\/wp\/v2\/categories?post=2353"},{"taxonomy":"post_tag","embeddable":true,"href":"https:\/\/www.facet.unt.edu.ar\/ingcomputacion\/wp-json\/wp\/v2\/tags?post=2353"}],"curies":[{"name":"wp","href":"https:\/\/api.w.org\/{rel}","templated":true}]}}