{"id":2367,"date":"2026-04-24T18:04:31","date_gmt":"2026-04-24T21:04:31","guid":{"rendered":"https:\/\/www.facet.unt.edu.ar\/ingcomputacion\/2026\/04\/24\/se-invita-a-estudiantes-docentes-egresados-y-publico-8\/"},"modified":"2026-04-24T18:04:31","modified_gmt":"2026-04-24T21:04:31","slug":"se-invita-a-estudiantes-docentes-egresados-y-publico-8","status":"publish","type":"post","link":"https:\/\/www.facet.unt.edu.ar\/ingcomputacion\/2026\/04\/24\/se-invita-a-estudiantes-docentes-egresados-y-publico-8\/","title":{"rendered":"Se invita a estudiantes, docentes, egresados y p\u00fablico&#8230;"},"content":{"rendered":"<p>Se invita a estudiantes, docentes, egresados y p\u00fablico en general a la defensa del Trabajo de Graduaci\u00f3n \u201cSistema de Gesti\u00f3n de Retenciones para un organismo P\u00fablico Provincial\u201d a cargo de los alumnos Enzo Ricardo Flores y Josefina Iriarte. La misma se llevar\u00e1 a cabo el d\u00eda mi\u00e9rcoles 29 de abril a las 17:30 hs. en la Sala de Medios Audiovisuales (Block 3 &#8211; 1\u00ba piso), y adem\u00e1s se transmitir\u00e1 en vivo por el canal de YouTube de la carrera en el siguiente enlace: https:\/\/www.youtube.com\/watch?v=v9yxfDTG0fs <\/p>\n<p> <a href='https:\/\/instagram.com\/p\/DXhDSaYj72_' target='_blank' rel=\"noopener\">Ver publicaci\u00f3n original en Instagram<\/a><\/p>\n","protected":false},"excerpt":{"rendered":"<p>Se invita a estudiantes, docentes, egresados y p\u00fablico en general a la defensa del Trabajo de Graduaci\u00f3n \u201cSistema de Gesti\u00f3n de Retenciones para un organismo P\u00fablico Provincial\u201d a cargo de los alumnos Enzo Ricardo Flores y Josefina Iriarte. La misma se llevar\u00e1 a cabo el d\u00eda mi\u00e9rcoles 29 de abril a las 17:30 hs. en [&hellip;]<\/p>\n","protected":false},"author":7,"featured_media":2366,"comment_status":"closed","ping_status":"closed","sticky":false,"template":"","format":"standard","meta":[],"categories":[1],"tags":[],"_links":{"self":[{"href":"https:\/\/www.facet.unt.edu.ar\/ingcomputacion\/wp-json\/wp\/v2\/posts\/2367"}],"collection":[{"href":"https:\/\/www.facet.unt.edu.ar\/ingcomputacion\/wp-json\/wp\/v2\/posts"}],"about":[{"href":"https:\/\/www.facet.unt.edu.ar\/ingcomputacion\/wp-json\/wp\/v2\/types\/post"}],"author":[{"embeddable":true,"href":"https:\/\/www.facet.unt.edu.ar\/ingcomputacion\/wp-json\/wp\/v2\/users\/7"}],"replies":[{"embeddable":true,"href":"https:\/\/www.facet.unt.edu.ar\/ingcomputacion\/wp-json\/wp\/v2\/comments?post=2367"}],"version-history":[{"count":0,"href":"https:\/\/www.facet.unt.edu.ar\/ingcomputacion\/wp-json\/wp\/v2\/posts\/2367\/revisions"}],"wp:featuredmedia":[{"embeddable":true,"href":"https:\/\/www.facet.unt.edu.ar\/ingcomputacion\/wp-json\/wp\/v2\/media\/2366"}],"wp:attachment":[{"href":"https:\/\/www.facet.unt.edu.ar\/ingcomputacion\/wp-json\/wp\/v2\/media?parent=2367"}],"wp:term":[{"taxonomy":"category","embeddable":true,"href":"https:\/\/www.facet.unt.edu.ar\/ingcomputacion\/wp-json\/wp\/v2\/categories?post=2367"},{"taxonomy":"post_tag","embeddable":true,"href":"https:\/\/www.facet.unt.edu.ar\/ingcomputacion\/wp-json\/wp\/v2\/tags?post=2367"}],"curies":[{"name":"wp","href":"https:\/\/api.w.org\/{rel}","templated":true}]}}