{"id":151,"date":"2020-08-18T22:22:41","date_gmt":"2020-08-19T01:22:41","guid":{"rendered":"https:\/\/www.facet.unt.edu.ar\/ingenieriainformatica\/?p=151"},"modified":"2020-08-18T23:20:06","modified_gmt":"2020-08-19T02:20:06","slug":"nota-de-radio-sobre-la-ingenieria","status":"publish","type":"post","link":"https:\/\/www.facet.unt.edu.ar\/ingenieriainformatica\/2020\/08\/18\/nota-de-radio-sobre-la-ingenieria\/","title":{"rendered":"Nota de radio sobre la Ingenier\u00eda"},"content":{"rendered":"<h2 id=\"cut_title\">La FACET lanza una nueva carrera universitaria<\/h2>\n<p>La Facultad de Ciencias Exactas y Tecnolog\u00eda (FACET) ofrecer\u00e1, a partir del ciclo lectivo 2021, una nueva carrera de grado: &#8220;Ingenier\u00eda en Inform\u00e1tica&#8221;. La misma tendr\u00e1 una duraci\u00f3n de cinco a\u00f1os y se incorporar\u00e1 a la oferta acad\u00e9mica que presenta anualmente. Escuch\u00e1 la entrevista a la directora de la carrera,<strong> Ing. L\u00eda Torres Auad<\/strong>.<\/p>\n<p><iframe loading=\"lazy\" src=\"\/\/ar.radiocut.fm\/audiocut\/embed\/mini\/facet-lanza-una-nueva-carrera-universitaria\/\" width=\"100%\" height=\"65px\" frameborder=\"no\" scrolling=\"no\"><\/iframe><\/p>\n<p><em>Fuente: <a href=\"https:\/\/ar.radiocut.fm\/audiocut\/facet-lanza-una-nueva-carrera-universitaria\/\">https:\/\/ar.radiocut.fm\/audiocut\/facet-lanza-una-nueva-carrera-universitaria\/<\/a><\/em><\/p>\n","protected":false},"excerpt":{"rendered":"<p>La FACET lanza una nueva carrera universitaria La Facultad de Ciencias Exactas y Tecnolog\u00eda (FACET) ofrecer\u00e1, a partir del ciclo lectivo 2021, una nueva carrera de grado: &#8220;Ingenier\u00eda en Inform\u00e1tica&#8221;. La misma tendr\u00e1 una duraci\u00f3n de cinco a\u00f1os y se incorporar\u00e1 a la oferta acad\u00e9mica que presenta anualmente. Escuch\u00e1 la entrevista a la directora de [&hellip;]<\/p>\n","protected":false},"author":123457,"featured_media":0,"comment_status":"closed","ping_status":"closed","sticky":false,"template":"","format":"standard","meta":[],"categories":[4],"tags":[],"_links":{"self":[{"href":"https:\/\/www.facet.unt.edu.ar\/ingenieriainformatica\/wp-json\/wp\/v2\/posts\/151"}],"collection":[{"href":"https:\/\/www.facet.unt.edu.ar\/ingenieriainformatica\/wp-json\/wp\/v2\/posts"}],"about":[{"href":"https:\/\/www.facet.unt.edu.ar\/ingenieriainformatica\/wp-json\/wp\/v2\/types\/post"}],"author":[{"embeddable":true,"href":"https:\/\/www.facet.unt.edu.ar\/ingenieriainformatica\/wp-json\/wp\/v2\/users\/123457"}],"replies":[{"embeddable":true,"href":"https:\/\/www.facet.unt.edu.ar\/ingenieriainformatica\/wp-json\/wp\/v2\/comments?post=151"}],"version-history":[{"count":5,"href":"https:\/\/www.facet.unt.edu.ar\/ingenieriainformatica\/wp-json\/wp\/v2\/posts\/151\/revisions"}],"predecessor-version":[{"id":164,"href":"https:\/\/www.facet.unt.edu.ar\/ingenieriainformatica\/wp-json\/wp\/v2\/posts\/151\/revisions\/164"}],"wp:attachment":[{"href":"https:\/\/www.facet.unt.edu.ar\/ingenieriainformatica\/wp-json\/wp\/v2\/media?parent=151"}],"wp:term":[{"taxonomy":"category","embeddable":true,"href":"https:\/\/www.facet.unt.edu.ar\/ingenieriainformatica\/wp-json\/wp\/v2\/categories?post=151"},{"taxonomy":"post_tag","embeddable":true,"href":"https:\/\/www.facet.unt.edu.ar\/ingenieriainformatica\/wp-json\/wp\/v2\/tags?post=151"}],"curies":[{"name":"wp","href":"https:\/\/api.w.org\/{rel}","templated":true}]}}