{"id":441,"date":"2025-04-15T14:08:27","date_gmt":"2025-04-15T17:08:27","guid":{"rendered":"https:\/\/www.facet.unt.edu.ar\/licenciaturamatematica\/?p=441"},"modified":"2025-04-15T14:08:55","modified_gmt":"2025-04-15T17:08:55","slug":"que-salidas-profesionales-tiene-un-matematico","status":"publish","type":"post","link":"https:\/\/www.facet.unt.edu.ar\/licenciaturamatematica\/2025\/04\/15\/que-salidas-profesionales-tiene-un-matematico\/","title":{"rendered":"\u00bfQu\u00e9 salidas profesionales tiene un matem\u00e1tico?"},"content":{"rendered":"<p>El d\u00eda Viernes 30 de Junioa las 12 hs. en el aula 2-4-9 se llev\u00f3 a cabo el seminario titulado \u201c\u00bfQu\u00e9 salidas profesionales tiene un matem\u00e1tico?\u201d\u201d a cargo de la Lic. Lorena Oscares (EDET, S.A).<\/p>\n<p>Resumen:<\/p>\n<p>Seguro que si preguntamos en nuestro entorno, nos contestar\u00e1n: La ense\u00f1anza y la investigaci\u00f3n. Es evidente que la ense\u00f1anza y la investigaci\u00f3n son salidas profesionales para una persona que estudia matem\u00e1tica, pero, \u00bfacaso no hay m\u00e1s salidas? En el mercado laboral actual, a nivel mundial, los matem\u00e1ticos son perfiles muy valorados por la capacidad de analizar y resolver de forma objetiva problemas complejos, de definir estrategias y tomar decisiones. Son valorados por su creatividad, su transversalidad y su capacidad de &#8220;pensar diferente\u201d.<\/p>\n","protected":false},"excerpt":{"rendered":"<p>El d\u00eda Viernes 30 de Junioa las 12 hs. en el aula 2-4-9 se llev\u00f3 a cabo el seminario titulado \u201c\u00bfQu\u00e9 salidas profesionales tiene un matem\u00e1tico?\u201d\u201d a cargo de la Lic. Lorena Oscares (EDET, S.A). Resumen: Seguro que si preguntamos en nuestro entorno, nos contestar\u00e1n: La ense\u00f1anza y la investigaci\u00f3n. Es evidente que la ense\u00f1anza [&hellip;]<\/p>\n","protected":false},"author":123524,"featured_media":0,"comment_status":"closed","ping_status":"closed","sticky":false,"template":"","format":"standard","meta":[],"categories":[11,8],"tags":[],"_links":{"self":[{"href":"https:\/\/www.facet.unt.edu.ar\/licenciaturamatematica\/wp-json\/wp\/v2\/posts\/441"}],"collection":[{"href":"https:\/\/www.facet.unt.edu.ar\/licenciaturamatematica\/wp-json\/wp\/v2\/posts"}],"about":[{"href":"https:\/\/www.facet.unt.edu.ar\/licenciaturamatematica\/wp-json\/wp\/v2\/types\/post"}],"author":[{"embeddable":true,"href":"https:\/\/www.facet.unt.edu.ar\/licenciaturamatematica\/wp-json\/wp\/v2\/users\/123524"}],"replies":[{"embeddable":true,"href":"https:\/\/www.facet.unt.edu.ar\/licenciaturamatematica\/wp-json\/wp\/v2\/comments?post=441"}],"version-history":[{"count":1,"href":"https:\/\/www.facet.unt.edu.ar\/licenciaturamatematica\/wp-json\/wp\/v2\/posts\/441\/revisions"}],"predecessor-version":[{"id":442,"href":"https:\/\/www.facet.unt.edu.ar\/licenciaturamatematica\/wp-json\/wp\/v2\/posts\/441\/revisions\/442"}],"wp:attachment":[{"href":"https:\/\/www.facet.unt.edu.ar\/licenciaturamatematica\/wp-json\/wp\/v2\/media?parent=441"}],"wp:term":[{"taxonomy":"category","embeddable":true,"href":"https:\/\/www.facet.unt.edu.ar\/licenciaturamatematica\/wp-json\/wp\/v2\/categories?post=441"},{"taxonomy":"post_tag","embeddable":true,"href":"https:\/\/www.facet.unt.edu.ar\/licenciaturamatematica\/wp-json\/wp\/v2\/tags?post=441"}],"curies":[{"name":"wp","href":"https:\/\/api.w.org\/{rel}","templated":true}]}}