{"id":445,"date":"2025-04-15T14:17:34","date_gmt":"2025-04-15T17:17:34","guid":{"rendered":"https:\/\/www.facet.unt.edu.ar\/licenciaturamatematica\/?p=445"},"modified":"2025-04-15T14:17:34","modified_gmt":"2025-04-15T17:17:34","slug":"orden-de-magnitud-en-serie-de-numeros-primos","status":"publish","type":"post","link":"https:\/\/www.facet.unt.edu.ar\/licenciaturamatematica\/2025\/04\/15\/orden-de-magnitud-en-serie-de-numeros-primos\/","title":{"rendered":"Orden de Magnitud en serie de n\u00fameros primos"},"content":{"rendered":"<p>El d\u00eda Viernes 15 de Setiembre a las 12 hs. en el aula 2-4-9 se llev\u00f3 a cabo el seminario titulado \u201cOrden de Magnitud en serie de n\u00fameros primos\u201d a cargo del Lic. Federico Campos (Facultad de Ciencias Exactas y Tecnolog\u00eda, UNT).<\/p>\n<p>Resumen:<\/p>\n<p>Se introducir\u00e1 la noci\u00f3n de orden de magnitud con el fin de obtener f\u00f3rmulas asint\u00f3ticas para algunas series que tienen que ver con n\u00fameros primos. Se aplicar\u00e1 un m\u00e9todo de sumabilidad particular para tratar con estas series. Los criterios de convergencia para series de t\u00e9rminos no-negativos ser\u00e1n usados a menudo en este tratamiento. El objetivo es mostrar c\u00f3mo surgen algunas series ordinarias en la resoluci\u00f3n de problemas de aritm\u00e9tica ( de car\u00e1cter asint\u00f3tico, generalmente) y dejar una idea de c\u00f3mo poder estudiarlas desde una perspectiva m\u00e1s elemental. <\/p>\n","protected":false},"excerpt":{"rendered":"<p>El d\u00eda Viernes 15 de Setiembre a las 12 hs. en el aula 2-4-9 se llev\u00f3 a cabo el seminario titulado \u201cOrden de Magnitud en serie de n\u00fameros primos\u201d a cargo del Lic. Federico Campos (Facultad de Ciencias Exactas y Tecnolog\u00eda, UNT). Resumen: Se introducir\u00e1 la noci\u00f3n de orden de magnitud con el fin de [&hellip;]<\/p>\n","protected":false},"author":123524,"featured_media":0,"comment_status":"closed","ping_status":"closed","sticky":false,"template":"","format":"aside","meta":[],"categories":[11,8],"tags":[],"_links":{"self":[{"href":"https:\/\/www.facet.unt.edu.ar\/licenciaturamatematica\/wp-json\/wp\/v2\/posts\/445"}],"collection":[{"href":"https:\/\/www.facet.unt.edu.ar\/licenciaturamatematica\/wp-json\/wp\/v2\/posts"}],"about":[{"href":"https:\/\/www.facet.unt.edu.ar\/licenciaturamatematica\/wp-json\/wp\/v2\/types\/post"}],"author":[{"embeddable":true,"href":"https:\/\/www.facet.unt.edu.ar\/licenciaturamatematica\/wp-json\/wp\/v2\/users\/123524"}],"replies":[{"embeddable":true,"href":"https:\/\/www.facet.unt.edu.ar\/licenciaturamatematica\/wp-json\/wp\/v2\/comments?post=445"}],"version-history":[{"count":1,"href":"https:\/\/www.facet.unt.edu.ar\/licenciaturamatematica\/wp-json\/wp\/v2\/posts\/445\/revisions"}],"predecessor-version":[{"id":446,"href":"https:\/\/www.facet.unt.edu.ar\/licenciaturamatematica\/wp-json\/wp\/v2\/posts\/445\/revisions\/446"}],"wp:attachment":[{"href":"https:\/\/www.facet.unt.edu.ar\/licenciaturamatematica\/wp-json\/wp\/v2\/media?parent=445"}],"wp:term":[{"taxonomy":"category","embeddable":true,"href":"https:\/\/www.facet.unt.edu.ar\/licenciaturamatematica\/wp-json\/wp\/v2\/categories?post=445"},{"taxonomy":"post_tag","embeddable":true,"href":"https:\/\/www.facet.unt.edu.ar\/licenciaturamatematica\/wp-json\/wp\/v2\/tags?post=445"}],"curies":[{"name":"wp","href":"https:\/\/api.w.org\/{rel}","templated":true}]}}