{"id":421,"date":"2018-05-18T18:39:58","date_gmt":"2018-05-18T21:39:58","guid":{"rendered":"https:\/\/www.facet.unt.edu.ar\/licinformatica\/?p=421"},"modified":"2018-09-07T21:33:59","modified_gmt":"2018-09-08T00:33:59","slug":"se-invita-a-graduados-a-participar-en-la-muestra-exactas-para-todos","status":"publish","type":"post","link":"https:\/\/www.facet.unt.edu.ar\/licinformatica\/2018\/05\/18\/se-invita-a-graduados-a-participar-en-la-muestra-exactas-para-todos\/","title":{"rendered":"Se invita a los graduados a participar en la Muestra &#8220;Exactas para Todos&#8221;"},"content":{"rendered":"<div id=\"pl-421\"  class=\"panel-layout\"><div id=\"pg-421-0\"  class=\"panel-grid panel-no-style\"><div id=\"pgc-421-0-0\"  class=\"panel-grid-cell\"><div id=\"panel-421-0-0-0\" class=\"so-panel widget widget_media_image panel-first-child panel-last-child\" data-index=\"0\"><img width=\"211\" height=\"300\" src=\"https:\/\/www.facet.unt.edu.ar\/licinformatica\/wp-content\/uploads\/sites\/16\/2018\/05\/Afiche-Exactas-para-Todos-2018-211x300.jpg\" class=\"image wp-image-422  attachment-medium size-medium\" alt=\"\" decoding=\"async\" loading=\"lazy\" style=\"max-width: 100%; height: auto;\" srcset=\"https:\/\/www.facet.unt.edu.ar\/licinformatica\/wp-content\/uploads\/sites\/16\/2018\/05\/Afiche-Exactas-para-Todos-2018-211x300.jpg 211w, https:\/\/www.facet.unt.edu.ar\/licinformatica\/wp-content\/uploads\/sites\/16\/2018\/05\/Afiche-Exactas-para-Todos-2018-768x1091.jpg 768w, https:\/\/www.facet.unt.edu.ar\/licinformatica\/wp-content\/uploads\/sites\/16\/2018\/05\/Afiche-Exactas-para-Todos-2018-721x1024.jpg 721w\" sizes=\"(max-width: 211px) 100vw, 211px\" \/><\/div><\/div><div id=\"pgc-421-0-1\"  class=\"panel-grid-cell\"><div id=\"panel-421-0-1-0\" class=\"so-panel widget widget_text panel-first-child panel-last-child\" data-index=\"1\">\t\t\t<div class=\"textwidget\"><p>Se invita a todos los graduados interesados en disertar sobre un tema de inter\u00e9s de la disciplina o de su experiencia laboral, en la Muestra &#8220;Exactas para Todos&#8221;, que se llevar\u00e1 a cabo en el marco de la Semana de la Ingenier\u00eda en el mes de Junio, los d\u00edas Mi\u00e9rcoles 6, Jueves 7 en el horario de 8 a 12 y de 14 a 18 hs y el d\u00eda Viernes 8 en el horario de 8 a 12 hs. La misma tendr\u00e1 lugar en el Block 3, Planta Baja, de la Facultad.\u00a0<\/p><\/div><\/div><\/div><\/div><\/div><p><a class=\"more-link\" href=\"https:\/\/www.facet.unt.edu.ar\/licinformatica\/2018\/05\/18\/se-invita-a-graduados-a-participar-en-la-muestra-exactas-para-todos\/\">Leer m\u00e1s<span class=\"meta-nav\">&rarr;<\/span><\/a><\/p>","protected":false},"excerpt":{"rendered":"<p>Se invita a todos los graduados interesados en disertar sobre un tema de inter\u00e9s de la disciplina o de su experiencia laboral, en la Muestra &#8220;Exactas para Todos&#8221;, que se llevar\u00e1 a cabo en el marco de la Semana de la Ingenier\u00eda en el mes de Junio, los d\u00edas Mi\u00e9rcoles 6, Jueves 7 en el [&hellip;]<\/p>\n","protected":false},"author":14,"featured_media":0,"comment_status":"closed","ping_status":"closed","sticky":false,"template":"","format":"standard","meta":[],"categories":[1],"tags":[],"_links":{"self":[{"href":"https:\/\/www.facet.unt.edu.ar\/licinformatica\/wp-json\/wp\/v2\/posts\/421"}],"collection":[{"href":"https:\/\/www.facet.unt.edu.ar\/licinformatica\/wp-json\/wp\/v2\/posts"}],"about":[{"href":"https:\/\/www.facet.unt.edu.ar\/licinformatica\/wp-json\/wp\/v2\/types\/post"}],"author":[{"embeddable":true,"href":"https:\/\/www.facet.unt.edu.ar\/licinformatica\/wp-json\/wp\/v2\/users\/14"}],"replies":[{"embeddable":true,"href":"https:\/\/www.facet.unt.edu.ar\/licinformatica\/wp-json\/wp\/v2\/comments?post=421"}],"version-history":[{"count":13,"href":"https:\/\/www.facet.unt.edu.ar\/licinformatica\/wp-json\/wp\/v2\/posts\/421\/revisions"}],"predecessor-version":[{"id":564,"href":"https:\/\/www.facet.unt.edu.ar\/licinformatica\/wp-json\/wp\/v2\/posts\/421\/revisions\/564"}],"wp:attachment":[{"href":"https:\/\/www.facet.unt.edu.ar\/licinformatica\/wp-json\/wp\/v2\/media?parent=421"}],"wp:term":[{"taxonomy":"category","embeddable":true,"href":"https:\/\/www.facet.unt.edu.ar\/licinformatica\/wp-json\/wp\/v2\/categories?post=421"},{"taxonomy":"post_tag","embeddable":true,"href":"https:\/\/www.facet.unt.edu.ar\/licinformatica\/wp-json\/wp\/v2\/tags?post=421"}],"curies":[{"name":"wp","href":"https:\/\/api.w.org\/{rel}","templated":true}]}}