{"id":535,"date":"2016-06-09T10:00:39","date_gmt":"2016-06-09T13:00:39","guid":{"rendered":"https:\/\/www.facet.unt.edu.ar\/luminotecnia\/?p=535"},"modified":"2016-07-14T11:24:09","modified_gmt":"2016-07-14T14:24:09","slug":"nuevos-avances-en-iluminacion-led-de-la-industria-argentina","status":"publish","type":"post","link":"https:\/\/www.facet.unt.edu.ar\/luminotecnia\/2016\/06\/09\/nuevos-avances-en-iluminacion-led-de-la-industria-argentina\/","title":{"rendered":"Nuevos avances en iluminaci\u00f3n LED de la industria argentina"},"content":{"rendered":"<div id=\"pl-535\"  class=\"panel-layout\" ><div id=\"pg-535-0\"  class=\"panel-grid panel-no-style\" ><div id=\"pgc-535-0-0\"  class=\"panel-grid-cell\" ><div id=\"panel-535-0-0-0\" class=\"so-panel widget widget_black-studio-tinymce widget_black_studio_tinymce panel-first-child panel-last-child\" data-index=\"0\" ><div class=\"textwidget\"><p>El Departamento\u00a0 de Luminotecnia Luz y Visi\u00f3n, invita a participar de la charla <em>abierta a todo p\u00fablico<\/em>.<\/p>\n<p><strong>Disertante: Juan Pizzani<\/strong><br \/> Breve rese\u00f1a: Juan Pizzani es Ingeniero Electricista, especializado en calidad en la UTN BsAs, UNSAM, (AOTS) \u2013 Tokio \u2013 Jap\u00f3n. Es <a href=\"https:\/\/www.facet.unt.edu.ar\/luminotecnia\/wp-content\/uploads\/sites\/15\/2016\/06\/avances-iluminacion-led.png\"><img class=\"alignright wp-image-537 size-full\" src=\"https:\/\/www.facet.unt.edu.ar\/luminotecnia\/wp-content\/uploads\/sites\/15\/2016\/06\/avances-iluminacion-led.png\" alt=\"avances-iluminacion-led\" width=\"435\" height=\"620\" \/><\/a>Vice-Presidente y Gerente Industrial de\u00a0 STRAND, la fabrica de luminarias l\u00edder en el mercado argentino. Particip\u00f3 del armado del primer laboratorio luminot\u00e9cnico de f\u00e1brica de Latinoam\u00e9rica y el primero en medir distribuci\u00f3n fotom\u00e9trica, color y flujo luminoso de leds.<\/p>\n<p><strong>Fecha:<\/strong> Jueves 9 de Junio 2016, 18:30h.<br \/> <strong>Lugar:<\/strong> Dpto. de Luminotecnia Luz y Visi\u00f3n, Av. Independencia 1800 - Tel. 4361936.<br \/> <strong>Organiza:<\/strong> Depto. de Luminotecnia Luz y Visi\u00f3n - FaCEyT-UNT<br \/> <strong>Auspicia:<\/strong> Asociaci\u00f3n Argentina de Luminotecnia, Centro Regional NOA<\/p>\n<\/div><\/div><\/div><\/div><\/div>","protected":false},"excerpt":{"rendered":"<p>El Departamento\u00a0 de Luminotecnia Luz y Visi\u00f3n, invita a participar de la charla abierta a todo p\u00fablico.Disertante: Juan Pizzani Breve rese\u00f1a: Juan Pizzani es Ingeniero Electricista, especializado en calidad en la UTN BsAs, UNSAM, (AOTS) \u2013 Tokio \u2013 Jap\u00f3n. Es Vice-Presidente y Gerente Industrial de\u00a0 STRAND, la fabrica de luminarias l\u00edder en el mercado argentino. [&hellip;]<\/p>\n","protected":false},"author":24,"featured_media":537,"comment_status":"closed","ping_status":"closed","sticky":false,"template":"","format":"standard","meta":[],"categories":[14,4],"tags":[8,26,27,25],"_links":{"self":[{"href":"https:\/\/www.facet.unt.edu.ar\/luminotecnia\/wp-json\/wp\/v2\/posts\/535"}],"collection":[{"href":"https:\/\/www.facet.unt.edu.ar\/luminotecnia\/wp-json\/wp\/v2\/posts"}],"about":[{"href":"https:\/\/www.facet.unt.edu.ar\/luminotecnia\/wp-json\/wp\/v2\/types\/post"}],"author":[{"embeddable":true,"href":"https:\/\/www.facet.unt.edu.ar\/luminotecnia\/wp-json\/wp\/v2\/users\/24"}],"replies":[{"embeddable":true,"href":"https:\/\/www.facet.unt.edu.ar\/luminotecnia\/wp-json\/wp\/v2\/comments?post=535"}],"version-history":[{"count":5,"href":"https:\/\/www.facet.unt.edu.ar\/luminotecnia\/wp-json\/wp\/v2\/posts\/535\/revisions"}],"predecessor-version":[{"id":599,"href":"https:\/\/www.facet.unt.edu.ar\/luminotecnia\/wp-json\/wp\/v2\/posts\/535\/revisions\/599"}],"wp:featuredmedia":[{"embeddable":true,"href":"https:\/\/www.facet.unt.edu.ar\/luminotecnia\/wp-json\/wp\/v2\/media\/537"}],"wp:attachment":[{"href":"https:\/\/www.facet.unt.edu.ar\/luminotecnia\/wp-json\/wp\/v2\/media?parent=535"}],"wp:term":[{"taxonomy":"category","embeddable":true,"href":"https:\/\/www.facet.unt.edu.ar\/luminotecnia\/wp-json\/wp\/v2\/categories?post=535"},{"taxonomy":"post_tag","embeddable":true,"href":"https:\/\/www.facet.unt.edu.ar\/luminotecnia\/wp-json\/wp\/v2\/tags?post=535"}],"curies":[{"name":"wp","href":"https:\/\/api.w.org\/{rel}","templated":true}]}}