{"id":672,"date":"2016-09-02T15:41:57","date_gmt":"2016-09-02T18:41:57","guid":{"rendered":"https:\/\/www.facet.unt.edu.ar\/luminotecnia\/?p=672"},"modified":"2016-09-02T15:47:28","modified_gmt":"2016-09-02T18:47:28","slug":"luxamerica-2016-cursos-de-actualizacion","status":"publish","type":"post","link":"https:\/\/www.facet.unt.edu.ar\/luminotecnia\/2016\/09\/02\/luxamerica-2016-cursos-de-actualizacion\/","title":{"rendered":"LUXAM\u00c9RICA 2016 &#8211; Cursos de actualizaci\u00f3n"},"content":{"rendered":"<div id=\"pl-672\"  class=\"panel-layout\" ><div id=\"pg-672-0\"  class=\"panel-grid panel-no-style\" ><div id=\"pgc-672-0-0\"  class=\"panel-grid-cell\" ><div id=\"panel-672-0-0-0\" class=\"so-panel widget widget_sow-editor panel-first-child\" data-index=\"0\" ><div\n\t\t\t\n\t\t\tclass=\"so-widget-sow-editor so-widget-sow-editor-base\"\n\t\t\t\n\t\t>\n<div class=\"siteorigin-widget-tinymce textwidget\">\n\t<p>LUXAM\u00c9RICA es un congreso acad\u00e9mico que se realiza de manera bianual, organizado por las Asociaciones de Iluminaci\u00f3n de diversos pa\u00edses en Am\u00e9rica. El evento convoca a especialistas internacionales en el \u00e1rea de <a href=\"https:\/\/www.facet.unt.edu.ar\/luminotecnia\/wp-content\/uploads\/sites\/15\/2016\/09\/la2016.jpg\"><img decoding=\"async\" loading=\"lazy\" class=\"size-medium wp-image-675 alignright\" src=\"https:\/\/www.facet.unt.edu.ar\/luminotecnia\/wp-content\/uploads\/sites\/15\/2016\/09\/la2016-300x72.jpg\" alt=\"Luxam\u00e9rica 2016\" width=\"300\" height=\"72\" srcset=\"https:\/\/www.facet.unt.edu.ar\/luminotecnia\/wp-content\/uploads\/sites\/15\/2016\/09\/la2016-300x72.jpg 300w, https:\/\/www.facet.unt.edu.ar\/luminotecnia\/wp-content\/uploads\/sites\/15\/2016\/09\/la2016.jpg 646w\" sizes=\"(max-width: 300px) 100vw, 300px\" \/><\/a>iluminaci\u00f3n y afines, para presentar los m\u00e1s recientes avances cient\u00edficos y tecnol\u00f3gicos del sector.<\/p>\n<p>Los d\u00edas 21 y 22 de Noviembre se brindar\u00e1n cursos de actualizaci\u00f3n, algunos de ellos dictados por profesionales de la materia que pertenecen a nuestro departamento:<\/p>\n<ul>\n<li><strong>Lighting and Health<\/strong> - Dictado por: <em>Wout Van Bommel<\/em><\/li>\n<li><strong>Basics of Light and Vision<\/strong> - Dictado por: <em>Wout Van Bommel<\/em><\/li>\n<li><strong>El color: de la f\u00edsica a la percepci\u00f3n visual<\/strong> - Dictado por: <em>Elisa Colombo, Beatriz O'Donell<\/em><\/li>\n<li><strong>Los factores Humanos en la Iluminaci\u00f3n<\/strong> - Dictado por: <em>Elisa Colombo, Beatriz O'Donell<\/em><\/li>\n<li><strong>Introducci\u00f3n al dise\u00f1o de la iluminaci\u00f3n vial<\/strong> - Dictado por: <em>Eduardo Manzano, Alberto Cabello<\/em><\/li>\n<li><strong>Materiales aplicados en el dise\u00f1o \u00f3ptico de iluminaci\u00f3n<\/strong> - Dictado por: <em>Paula Acu\u00f1a, Fernando Herrera, Jesus Quintero<\/em><\/li>\n<li><strong>Nuevas Tecnolog\u00edas para la iluminaci\u00f3n de Museos<\/strong> - Dictado por: <em>Mario Raitelli, Alberto Cabello<\/em><\/li>\n<\/ul>\n<p>Para inscripciones, puede ingresar a: <a href=\"http:\/\/www.luxamerica.org\/cursos-de-actualizacion\">http:\/\/www.luxamerica.org\/cursos-de-actualizacion<\/a><\/p>\n<p>Para mayor informaci\u00f3n sobre los mismos, puede descargar el documento a continuaci\u00f3n<\/p>\n<\/div>\n<\/div><\/div><div id=\"panel-672-0-0-1\" class=\"so-panel widget widget_circleicon-widget panel-last-child\" data-index=\"1\" >\t\t<div class=\"circle-icon-box circle-icon-position-top circle-icon-hide-box circle-icon-size-small\">\n\t\t\t<div class=\"circle-icon-wrapper\">\n\t\t\t\t<a href=\"https:\/\/www.facet.unt.edu.ar\/luminotecnia\/wp-content\/uploads\/sites\/15\/2016\/09\/luxamerica-2016-cursos.pdf\" class=\"link-icon\" >\t\t\t\t<div class=\"circle-icon icon-style-set\" style=\"background-color: #4a88bf\">\n\t\t\t\t\t<div class=\"fa fa-download icon-color-set\" style=\"color: #ffffff\"><\/div>\t\t\t\t<\/div>\n\t\t\t\t<\/a>\t\t\t<\/div>\n\n\t\t\t<a href=\"https:\/\/www.facet.unt.edu.ar\/luminotecnia\/wp-content\/uploads\/sites\/15\/2016\/09\/luxamerica-2016-cursos.pdf\" class=\"link-title\" >\t\t\t<h4 >Descripci\u00f3n de cursos<\/h4>\t\t\t<\/a>\n\t\t\t\t\t\t\t\t\t\t<a href=\"https:\/\/www.facet.unt.edu.ar\/luminotecnia\/wp-content\/uploads\/sites\/15\/2016\/09\/luxamerica-2016-cursos.pdf\" class=\"more-button\" >Descargar <i><\/i><\/a>\n\t\t\t\t\t<\/div>\n\t\t<\/div><\/div><\/div><\/div>","protected":false},"excerpt":{"rendered":"<p>LUXAM\u00c9RICA es un congreso acad\u00e9mico que se realiza de manera bianual, organizado por las Asociaciones de Iluminaci\u00f3n de diversos pa\u00edses en Am\u00e9rica. El evento convoca a especialistas internacionales en el \u00e1rea de iluminaci\u00f3n y afines, para presentar los m\u00e1s recientes avances cient\u00edficos y tecnol\u00f3gicos del sector.Los d\u00edas 21 y 22 de Noviembre se brindar\u00e1n cursos [&hellip;]<\/p>\n","protected":false},"author":24,"featured_media":681,"comment_status":"closed","ping_status":"closed","sticky":false,"template":"","format":"standard","meta":[],"categories":[16,4],"tags":[37,31],"_links":{"self":[{"href":"https:\/\/www.facet.unt.edu.ar\/luminotecnia\/wp-json\/wp\/v2\/posts\/672"}],"collection":[{"href":"https:\/\/www.facet.unt.edu.ar\/luminotecnia\/wp-json\/wp\/v2\/posts"}],"about":[{"href":"https:\/\/www.facet.unt.edu.ar\/luminotecnia\/wp-json\/wp\/v2\/types\/post"}],"author":[{"embeddable":true,"href":"https:\/\/www.facet.unt.edu.ar\/luminotecnia\/wp-json\/wp\/v2\/users\/24"}],"replies":[{"embeddable":true,"href":"https:\/\/www.facet.unt.edu.ar\/luminotecnia\/wp-json\/wp\/v2\/comments?post=672"}],"version-history":[{"count":7,"href":"https:\/\/www.facet.unt.edu.ar\/luminotecnia\/wp-json\/wp\/v2\/posts\/672\/revisions"}],"predecessor-version":[{"id":680,"href":"https:\/\/www.facet.unt.edu.ar\/luminotecnia\/wp-json\/wp\/v2\/posts\/672\/revisions\/680"}],"wp:featuredmedia":[{"embeddable":true,"href":"https:\/\/www.facet.unt.edu.ar\/luminotecnia\/wp-json\/wp\/v2\/media\/681"}],"wp:attachment":[{"href":"https:\/\/www.facet.unt.edu.ar\/luminotecnia\/wp-json\/wp\/v2\/media?parent=672"}],"wp:term":[{"taxonomy":"category","embeddable":true,"href":"https:\/\/www.facet.unt.edu.ar\/luminotecnia\/wp-json\/wp\/v2\/categories?post=672"},{"taxonomy":"post_tag","embeddable":true,"href":"https:\/\/www.facet.unt.edu.ar\/luminotecnia\/wp-json\/wp\/v2\/tags?post=672"}],"curies":[{"name":"wp","href":"https:\/\/api.w.org\/{rel}","templated":true}]}}