{"id":1060,"date":"2022-11-22T12:48:52","date_gmt":"2022-11-22T15:48:52","guid":{"rendered":"https:\/\/www.facet.unt.edu.ar\/posgrado\/?p=1060"},"modified":"2022-11-24T21:54:42","modified_gmt":"2022-11-25T00:54:42","slug":"invitacion-defensa-de-tesis-doctoral-del-ing-pablo-m-jeger","status":"publish","type":"post","link":"https:\/\/www.facet.unt.edu.ar\/posgrado\/2022\/11\/22\/invitacion-defensa-de-tesis-doctoral-del-ing-pablo-m-jeger\/","title":{"rendered":"Invitaci\u00f3n | Defensa de Tesis Doctoral del Ing. Pablo M. Jeger"},"content":{"rendered":"<div id=\"pl-1060\"  class=\"panel-layout\" ><div id=\"pg-1060-0\"  class=\"panel-grid panel-no-style\" ><div id=\"pgc-1060-0-0\"  class=\"panel-grid-cell\" ><div id=\"panel-1060-0-0-0\" class=\"so-panel widget widget_black-studio-tinymce widget_black_studio_tinymce panel-first-child panel-last-child\" data-index=\"0\" ><div class=\"textwidget\"><p><a href=\"https:\/\/www.facet.unt.edu.ar\/posgrado\/wp-content\/uploads\/sites\/54\/2022\/11\/DEFENSA-DE-TESIS-DOCTORAL-ING-JEGER.png\"><img class=\"aligncenter size-full wp-image-1061\" src=\"https:\/\/www.facet.unt.edu.ar\/posgrado\/wp-content\/uploads\/sites\/54\/2022\/11\/DEFENSA-DE-TESIS-DOCTORAL-ING-JEGER.png\" alt=\"\" width=\"1080\" height=\"1350\" \/><\/a><\/p>\n<\/div><\/div><\/div><div id=\"pgc-1060-0-1\"  class=\"panel-grid-cell\" ><div id=\"panel-1060-0-1-0\" class=\"so-panel widget widget_sow-editor panel-first-child panel-last-child\" data-index=\"1\" ><div\n\t\t\t\n\t\t\tclass=\"so-widget-sow-editor so-widget-sow-editor-base\"\n\t\t\t\n\t\t>\n<div class=\"siteorigin-widget-tinymce textwidget\">\n\t<p style=\"text-align: justify;\">Se invita a la comunidad universitaria a la defensa p\u00fablica de la Tesis Doctoral de<strong>l Ing. Pablo M. Jeger<\/strong>, titulada <strong>\u201cOptimizaci\u00f3n del Planeamiento Operativo de Laboratorios Cl\u00ednicos\u201d<\/strong> para acceder al grado acad\u00e9mico superior de D<strong>octor en Ciencias Exactas e Ingenier\u00eda<\/strong>.<\/p>\n<p style=\"text-align: justify;\">La tesis se desarroll\u00f3 bajo la direcci\u00f3n del Dr. Humberto Heluane.<\/p>\n<p style=\"text-align: justify;\">El acto acad\u00e9mico se llevar\u00e1 a cabo el d\u00eda <strong>25 de noviembre<\/strong>, a las <strong>10:00 h<\/strong>s, en el <strong>Anfiteatro de Luminotecnia<\/strong> de la FACET.<\/p>\n<p style=\"text-align: justify;\">El tribunal examinador estar\u00e1 conformado por:<\/p>\n<ul>\n<li style=\"text-align: justify;\">Dr. Mario Cesca \u2013 FACET UNT<\/li>\n<li style=\"text-align: justify;\">Dr. Sergio Mussati \u2013 INGAR Instituto de Desarrollo y Dise\u00f1o CONICET, UTN, Santa F\u00e9<\/li>\n<li style=\"text-align: justify;\">Dra. Marta S. Moreno \u2013 PLAPIQUI, CONICET, UNS, BAH\u00cdA BLANCA<\/li>\n<\/ul>\n<\/div>\n<\/div><\/div><\/div><\/div><\/div>","protected":false},"excerpt":{"rendered":"<p>Se invita a la comunidad universitaria a la defensa p\u00fablica de la Tesis Doctoral del Ing. Pablo M. Jeger, titulada \u201cOptimizaci\u00f3n del Planeamiento Operativo de Laboratorios Cl\u00ednicos\u201d para acceder al grado acad\u00e9mico superior de Doctor en Ciencias Exactas e Ingenier\u00eda.La tesis se desarroll\u00f3 bajo la direcci\u00f3n del Dr. Humberto Heluane.El acto acad\u00e9mico se llevar\u00e1 a [&hellip;]<\/p>\n","protected":false},"author":6,"featured_media":1061,"comment_status":"closed","ping_status":"closed","sticky":false,"template":"","format":"standard","meta":[],"categories":[10],"tags":[],"_links":{"self":[{"href":"https:\/\/www.facet.unt.edu.ar\/posgrado\/wp-json\/wp\/v2\/posts\/1060"}],"collection":[{"href":"https:\/\/www.facet.unt.edu.ar\/posgrado\/wp-json\/wp\/v2\/posts"}],"about":[{"href":"https:\/\/www.facet.unt.edu.ar\/posgrado\/wp-json\/wp\/v2\/types\/post"}],"author":[{"embeddable":true,"href":"https:\/\/www.facet.unt.edu.ar\/posgrado\/wp-json\/wp\/v2\/users\/6"}],"replies":[{"embeddable":true,"href":"https:\/\/www.facet.unt.edu.ar\/posgrado\/wp-json\/wp\/v2\/comments?post=1060"}],"version-history":[{"count":1,"href":"https:\/\/www.facet.unt.edu.ar\/posgrado\/wp-json\/wp\/v2\/posts\/1060\/revisions"}],"predecessor-version":[{"id":1062,"href":"https:\/\/www.facet.unt.edu.ar\/posgrado\/wp-json\/wp\/v2\/posts\/1060\/revisions\/1062"}],"wp:featuredmedia":[{"embeddable":true,"href":"https:\/\/www.facet.unt.edu.ar\/posgrado\/wp-json\/wp\/v2\/media\/1061"}],"wp:attachment":[{"href":"https:\/\/www.facet.unt.edu.ar\/posgrado\/wp-json\/wp\/v2\/media?parent=1060"}],"wp:term":[{"taxonomy":"category","embeddable":true,"href":"https:\/\/www.facet.unt.edu.ar\/posgrado\/wp-json\/wp\/v2\/categories?post=1060"},{"taxonomy":"post_tag","embeddable":true,"href":"https:\/\/www.facet.unt.edu.ar\/posgrado\/wp-json\/wp\/v2\/tags?post=1060"}],"curies":[{"name":"wp","href":"https:\/\/api.w.org\/{rel}","templated":true}]}}