{"id":1064,"date":"2022-05-06T22:52:31","date_gmt":"2022-05-07T01:52:31","guid":{"rendered":"https:\/\/www.facet.unt.edu.ar\/posgrado\/?p=1064"},"modified":"2022-11-24T22:53:01","modified_gmt":"2022-11-25T01:53:01","slug":"invitacion-defensa-de-la-tesis-de-maestria-en-luminotecnia","status":"publish","type":"post","link":"https:\/\/www.facet.unt.edu.ar\/posgrado\/2022\/05\/06\/invitacion-defensa-de-la-tesis-de-maestria-en-luminotecnia\/","title":{"rendered":"Invitaci\u00f3n | Defensa de la Tesis de Maestr\u00eda en Luminotecnia"},"content":{"rendered":"<div id=\"pl-1064\"  class=\"panel-layout\"><div id=\"pg-1064-0\"  class=\"panel-grid panel-no-style\"><div id=\"pgc-1064-0-0\"  class=\"panel-grid-cell\"><div id=\"panel-1064-0-0-0\" class=\"so-panel widget widget_black-studio-tinymce widget_black_studio_tinymce panel-first-child panel-last-child\" data-index=\"0\"><div class=\"textwidget\"><p><a href=\"https:\/\/www.facet.unt.edu.ar\/posgrado\/wp-content\/uploads\/sites\/54\/2022\/11\/DEFENSA-DE-TESIS-DE-MAESTRIA.jpeg\"><img class=\"aligncenter size-full wp-image-1065\" src=\"https:\/\/www.facet.unt.edu.ar\/posgrado\/wp-content\/uploads\/sites\/54\/2022\/11\/DEFENSA-DE-TESIS-DE-MAESTRIA.jpeg\" alt=\"\" width=\"1080\" height=\"1080\" \/><\/a><\/p>\n<\/div><\/div><\/div><div id=\"pgc-1064-0-1\"  class=\"panel-grid-cell\"><div id=\"panel-1064-0-1-0\" class=\"so-panel widget widget_sow-editor panel-first-child panel-last-child\" data-index=\"1\"><div\n\t\t\t\n\t\t\tclass=\"so-widget-sow-editor so-widget-sow-editor-base\">\n<div class=\"siteorigin-widget-tinymce textwidget\">\n\t<p style=\"text-align: justify;\">Se invita a toda la comunidad educativa y al p\u00fablico en general a presenciar la Defensa de la Tesis de Maestr\u00eda en Luminotecnia del Ing. Hugo Santiago Ar\u00e9valo Pesant\u00e9z, titulada \u201cEvaluaci\u00f3n de la eficiencia energ\u00e9tica en el alumbrado p\u00fablico en gran escala. El caso de la ciudad de Cuenca\u201d, para acceder al grado acad\u00e9mico superior de Mag\u00edster en Luminotecnia, de la carrera de Maestr\u00eda en Luminotecnia del Departamento de Luminotecnia Luz y Visi\u00f3n FACET-UNT.<\/p>\n<p style=\"text-align: justify;\">Este proyecto estuvo bajo la direcci\u00f3n del Dr. Ing. Leonardo Assaf, DLLyV - FACET - UNT.<\/p>\n<p style=\"text-align: justify;\">El acto acad\u00e9mico se llevar\u00e1 a cabo el pr\u00f3ximo viernes 13 de Mayo, a las 10:00 hs (hora de Argentina), en forma virtual por parte del tesista desde la Ciudad de Cuenca Ecuador y por parte del jurado Mag. Fernando Deco de la UTN Rosario. Los restantes jurados lo har\u00e1n en forma presencial, en la Sala de Reuniones del Departamento de Luminotecnia Luz y Visi\u00f3n.<br \/>Link del evento: <a href=\"https:\/\/meet.google.com\/gnq-oqfs-jty\" target=\"_blank\" rel=\"noopener\">https:\/\/meet.google.com\/gnq-oqfs-jty<\/a><\/p><\/div><\/div><\/div><\/div><\/div><\/div><p><a class=\"more-link\" href=\"https:\/\/www.facet.unt.edu.ar\/posgrado\/2022\/05\/06\/invitacion-defensa-de-la-tesis-de-maestria-en-luminotecnia\/\">Leer m\u00e1s<span class=\"meta-nav\">&rarr;<\/span><\/a><\/p>","protected":false},"excerpt":{"rendered":"<p>Se invita a toda la comunidad educativa y al p\u00fablico en general a presenciar la Defensa de la Tesis de Maestr\u00eda en Luminotecnia del Ing. Hugo Santiago Ar\u00e9valo Pesant\u00e9z, titulada \u201cEvaluaci\u00f3n de la eficiencia energ\u00e9tica en el alumbrado p\u00fablico en gran escala. El caso de la ciudad de Cuenca\u201d, para acceder al grado acad\u00e9mico superior [&hellip;]<\/p>\n","protected":false},"author":6,"featured_media":1065,"comment_status":"closed","ping_status":"closed","sticky":false,"template":"","format":"standard","meta":[],"categories":[10],"tags":[],"_links":{"self":[{"href":"https:\/\/www.facet.unt.edu.ar\/posgrado\/wp-json\/wp\/v2\/posts\/1064"}],"collection":[{"href":"https:\/\/www.facet.unt.edu.ar\/posgrado\/wp-json\/wp\/v2\/posts"}],"about":[{"href":"https:\/\/www.facet.unt.edu.ar\/posgrado\/wp-json\/wp\/v2\/types\/post"}],"author":[{"embeddable":true,"href":"https:\/\/www.facet.unt.edu.ar\/posgrado\/wp-json\/wp\/v2\/users\/6"}],"replies":[{"embeddable":true,"href":"https:\/\/www.facet.unt.edu.ar\/posgrado\/wp-json\/wp\/v2\/comments?post=1064"}],"version-history":[{"count":2,"href":"https:\/\/www.facet.unt.edu.ar\/posgrado\/wp-json\/wp\/v2\/posts\/1064\/revisions"}],"predecessor-version":[{"id":1067,"href":"https:\/\/www.facet.unt.edu.ar\/posgrado\/wp-json\/wp\/v2\/posts\/1064\/revisions\/1067"}],"wp:featuredmedia":[{"embeddable":true,"href":"https:\/\/www.facet.unt.edu.ar\/posgrado\/wp-json\/wp\/v2\/media\/1065"}],"wp:attachment":[{"href":"https:\/\/www.facet.unt.edu.ar\/posgrado\/wp-json\/wp\/v2\/media?parent=1064"}],"wp:term":[{"taxonomy":"category","embeddable":true,"href":"https:\/\/www.facet.unt.edu.ar\/posgrado\/wp-json\/wp\/v2\/categories?post=1064"},{"taxonomy":"post_tag","embeddable":true,"href":"https:\/\/www.facet.unt.edu.ar\/posgrado\/wp-json\/wp\/v2\/tags?post=1064"}],"curies":[{"name":"wp","href":"https:\/\/api.w.org\/{rel}","templated":true}]}}