{"id":1126,"date":"2023-02-08T12:43:21","date_gmt":"2023-02-08T15:43:21","guid":{"rendered":"https:\/\/www.facet.unt.edu.ar\/posgrado\/?p=1126"},"modified":"2023-02-08T12:43:22","modified_gmt":"2023-02-08T15:43:22","slug":"nueva-cohorte-de-la-especializacion-en-integracion-de-tecnologias-informaticas-eiti","status":"publish","type":"post","link":"https:\/\/www.facet.unt.edu.ar\/posgrado\/2023\/02\/08\/nueva-cohorte-de-la-especializacion-en-integracion-de-tecnologias-informaticas-eiti\/","title":{"rendered":"Nueva cohorte de la Especializaci\u00f3n en Integraci\u00f3n de Tecnolog\u00edas Inform\u00e1ticas (EITI)"},"content":{"rendered":"<div id=\"pl-1126\"  class=\"panel-layout\" ><div id=\"pg-1126-0\"  class=\"panel-grid panel-no-style\" ><div id=\"pgc-1126-0-0\"  class=\"panel-grid-cell\" ><div id=\"panel-1126-0-0-0\" class=\"so-panel widget widget_black-studio-tinymce widget_black_studio_tinymce panel-first-child panel-last-child\" data-index=\"0\" ><div class=\"textwidget\"><p><a href=\"https:\/\/www.facet.unt.edu.ar\/posgrado\/wp-content\/uploads\/sites\/54\/2023\/02\/Feed-Instagram-Face-EITI.png\"><img class=\"aligncenter size-full wp-image-1127\" src=\"https:\/\/www.facet.unt.edu.ar\/posgrado\/wp-content\/uploads\/sites\/54\/2023\/02\/Feed-Instagram-Face-EITI.png\" alt=\"\" width=\"1080\" height=\"1080\" \/><\/a><\/p>\n<\/div><\/div><\/div><div id=\"pgc-1126-0-1\"  class=\"panel-grid-cell\" ><div id=\"panel-1126-0-1-0\" class=\"so-panel widget widget_sow-editor panel-first-child panel-last-child\" data-index=\"1\" ><div\n\t\t\t\n\t\t\tclass=\"so-widget-sow-editor so-widget-sow-editor-base\"\n\t\t\t\n\t\t>\n<div class=\"siteorigin-widget-tinymce textwidget\">\n\t<p style=\"text-align: justify;\">Se informa a los interesados que se encuentra abierta la inscripci\u00f3n para la cohorte 2023 de la carrera de posgrado \u201cEspecializaci\u00f3n de Posgrado en Integraci\u00f3n de Tecnolog\u00edas Inform\u00e1ticas (EITI)\u201d, que inicia en marzo del corriente a\u00f1o.<\/p>\n<p style=\"text-align: justify;\">Cabe destacar que, esta carrera de posgrado, se encuentra acreditada y categorizada \u201cA\u201d por la CONEAU.<\/p>\n<p style=\"text-align: justify;\">Consultas: <a href=\"mailto:eiti@herrera.unt.edu.ar\" target=\"_blank\" rel=\"noopener\">eiti@herrera.unt.edu.ar<\/a><br \/>Docentes de la UNT poseen media beca para todo el cursado.<\/p>\n<p style=\"text-align: justify;\">Informaci\u00f3n adicional en:<\/p>\n<blockquote>\n<p style=\"text-align: justify;\">Web: <a href=\"http:\/\/www.facet.unt.edu.ar\/eiti\" target=\"_blank\" rel=\"noopener\">www.facet.unt.edu.ar\/eiti<\/a><br \/>Facebook: <a href=\"http:\/\/www.facebook.com\/eiti.unt\" target=\"_blank\" rel=\"noopener\">www.facebook.com\/eiti.unt<\/a><br \/>Instagram: <a href=\"http:\/\/www.instagram.com\/eiti.unt\" target=\"_blank\" rel=\"noopener\">www.instagram.com\/eiti.unt<\/a><br \/>YouTube: <a href=\"http:\/\/www.youtube.com\/channel\/UCCw56YG3esQXTixU0qzxASg\" target=\"_blank\" rel=\"noopener\">www.youtube.com\/channel\/UCCw56YG3esQXTixU0qzxASg<\/a><\/p>\n<\/blockquote>\n<p style=\"text-align: justify;\">Los interesados pre-inscribirse para la reuni\u00f3n informativa en el siguiente enlace: <a href=\"https:\/\/forms.gle\/HnEoefAq9sBqaR1AA\" target=\"_blank\" rel=\"noopener\">https:\/\/forms.gle\/HnEoefAq9sBqaR1AA<\/a><\/p>\n<\/div>\n<\/div><\/div><\/div><\/div><\/div>","protected":false},"excerpt":{"rendered":"<p>Se informa a los interesados que se encuentra abierta la inscripci\u00f3n para la cohorte 2023 de la carrera de posgrado \u201cEspecializaci\u00f3n de Posgrado en Integraci\u00f3n de Tecnolog\u00edas Inform\u00e1ticas (EITI)\u201d, que inicia en marzo del corriente a\u00f1o.Cabe destacar que, esta carrera de posgrado, se encuentra acreditada y categorizada \u201cA\u201d por la CONEAU.Consultas: eiti@herrera.unt.edu.arDocentes de la UNT [&hellip;]<\/p>\n","protected":false},"author":6,"featured_media":1127,"comment_status":"closed","ping_status":"closed","sticky":false,"template":"","format":"standard","meta":[],"categories":[3],"tags":[],"_links":{"self":[{"href":"https:\/\/www.facet.unt.edu.ar\/posgrado\/wp-json\/wp\/v2\/posts\/1126"}],"collection":[{"href":"https:\/\/www.facet.unt.edu.ar\/posgrado\/wp-json\/wp\/v2\/posts"}],"about":[{"href":"https:\/\/www.facet.unt.edu.ar\/posgrado\/wp-json\/wp\/v2\/types\/post"}],"author":[{"embeddable":true,"href":"https:\/\/www.facet.unt.edu.ar\/posgrado\/wp-json\/wp\/v2\/users\/6"}],"replies":[{"embeddable":true,"href":"https:\/\/www.facet.unt.edu.ar\/posgrado\/wp-json\/wp\/v2\/comments?post=1126"}],"version-history":[{"count":2,"href":"https:\/\/www.facet.unt.edu.ar\/posgrado\/wp-json\/wp\/v2\/posts\/1126\/revisions"}],"predecessor-version":[{"id":1129,"href":"https:\/\/www.facet.unt.edu.ar\/posgrado\/wp-json\/wp\/v2\/posts\/1126\/revisions\/1129"}],"wp:featuredmedia":[{"embeddable":true,"href":"https:\/\/www.facet.unt.edu.ar\/posgrado\/wp-json\/wp\/v2\/media\/1127"}],"wp:attachment":[{"href":"https:\/\/www.facet.unt.edu.ar\/posgrado\/wp-json\/wp\/v2\/media?parent=1126"}],"wp:term":[{"taxonomy":"category","embeddable":true,"href":"https:\/\/www.facet.unt.edu.ar\/posgrado\/wp-json\/wp\/v2\/categories?post=1126"},{"taxonomy":"post_tag","embeddable":true,"href":"https:\/\/www.facet.unt.edu.ar\/posgrado\/wp-json\/wp\/v2\/tags?post=1126"}],"curies":[{"name":"wp","href":"https:\/\/api.w.org\/{rel}","templated":true}]}}