{"id":1132,"date":"2023-02-08T13:29:08","date_gmt":"2023-02-08T16:29:08","guid":{"rendered":"https:\/\/www.facet.unt.edu.ar\/posgrado\/?p=1132"},"modified":"2023-02-08T13:29:42","modified_gmt":"2023-02-08T16:29:42","slug":"convocatoria-nueva-cohorte-de-la-maestria-en-gestion-de-la-tecnologia-y-la-innovacion","status":"publish","type":"post","link":"https:\/\/www.facet.unt.edu.ar\/posgrado\/2023\/02\/08\/convocatoria-nueva-cohorte-de-la-maestria-en-gestion-de-la-tecnologia-y-la-innovacion\/","title":{"rendered":"Nueva cohorte de la Maestr\u00eda en Gesti\u00f3n de la Tecnolog\u00eda y la Innovaci\u00f3n"},"content":{"rendered":"<div id=\"pl-1132\"  class=\"panel-layout\"><div id=\"pg-1132-0\"  class=\"panel-grid panel-no-style\"><div id=\"pgc-1132-0-0\"  class=\"panel-grid-cell\"><div id=\"panel-1132-0-0-0\" class=\"so-panel widget widget_black-studio-tinymce widget_black_studio_tinymce panel-first-child panel-last-child\" data-index=\"0\"><div class=\"textwidget\"><p><a href=\"https:\/\/www.facet.unt.edu.ar\/posgrado\/wp-content\/uploads\/sites\/54\/2023\/02\/COHORTE-2023-MAESTRIA-EN-GESTION-DE-LA-TECNOLOGIA-E-INNOVACION.png\"><img class=\"aligncenter size-full wp-image-1133\" src=\"https:\/\/www.facet.unt.edu.ar\/posgrado\/wp-content\/uploads\/sites\/54\/2023\/02\/COHORTE-2023-MAESTRIA-EN-GESTION-DE-LA-TECNOLOGIA-E-INNOVACION.png\" alt=\"\" width=\"1080\" height=\"1350\" \/><\/a><\/p>\n<\/div><\/div><\/div><div id=\"pgc-1132-0-1\"  class=\"panel-grid-cell\"><div id=\"panel-1132-0-1-0\" class=\"so-panel widget widget_sow-editor panel-first-child panel-last-child\" data-index=\"1\"><div\n\t\t\t\n\t\t\tclass=\"so-widget-sow-editor so-widget-sow-editor-base\">\n<div class=\"siteorigin-widget-tinymce textwidget\">\n\t<p style=\"text-align: justify;\">Se invita a los interesados a participar de la carrera de posgrado <b><i>Maestr\u00eda en Gesti\u00f3n de la Tecnolog\u00eda y la Innovaci\u00f3n<\/i><\/b>, que iniciar\u00e1 en marzo del 2023 en modalidad h\u00edbrida.<\/p>\n<p style=\"text-align: justify;\"><em>\u00bfQu\u00e9 caracter\u00edsticas tiene?<\/em><br \/>Es una maestr\u00eda en administraci\u00f3n de empresas y organizaciones tecnol\u00f3gicas, o con uso intensivo de la tecnolog\u00eda en sus procesos. Pertenece a las disciplinas nucleadas en IAMOT (Asociaci\u00f3n internacional de Gesti\u00f3n de la Tecnolog\u00eda), una de las asociaciones profesionales m\u00e1s grandes del mundo.<\/p>\n<p style=\"text-align: justify;\"><em>\u00bfQui\u00e9nes deber\u00edan cursar este programa?<\/em><br \/>Si te interesa trabajar en puestos de coordinaci\u00f3n, gesti\u00f3n o gerenciamiento de organizaciones con una fuerte impronta tecnol\u00f3gica, este postgrado te posicionar\u00e1 mediante el aporte de importantes herramientas. Los ingresantes deben contar con t\u00edtulo de grado de carreras de 4 a\u00f1os o m\u00e1s.<\/p><\/div><\/div><\/div><\/div><\/div><\/div><p><a class=\"more-link\" href=\"https:\/\/www.facet.unt.edu.ar\/posgrado\/2023\/02\/08\/convocatoria-nueva-cohorte-de-la-maestria-en-gestion-de-la-tecnologia-y-la-innovacion\/\">Leer m\u00e1s<span class=\"meta-nav\">&rarr;<\/span><\/a><\/p>","protected":false},"excerpt":{"rendered":"<p>Se invita a los interesados a participar de la carrera de posgrado Maestr\u00eda en Gesti\u00f3n de la Tecnolog\u00eda y la Innovaci\u00f3n, que iniciar\u00e1 en marzo del 2023 en modalidad h\u00edbrida.\u00bfQu\u00e9 caracter\u00edsticas tiene?Es una maestr\u00eda en administraci\u00f3n de empresas y organizaciones tecnol\u00f3gicas, o con uso intensivo de la tecnolog\u00eda en sus procesos. Pertenece a las disciplinas [&hellip;]<\/p>\n","protected":false},"author":6,"featured_media":1133,"comment_status":"closed","ping_status":"closed","sticky":false,"template":"","format":"standard","meta":[],"categories":[3],"tags":[],"_links":{"self":[{"href":"https:\/\/www.facet.unt.edu.ar\/posgrado\/wp-json\/wp\/v2\/posts\/1132"}],"collection":[{"href":"https:\/\/www.facet.unt.edu.ar\/posgrado\/wp-json\/wp\/v2\/posts"}],"about":[{"href":"https:\/\/www.facet.unt.edu.ar\/posgrado\/wp-json\/wp\/v2\/types\/post"}],"author":[{"embeddable":true,"href":"https:\/\/www.facet.unt.edu.ar\/posgrado\/wp-json\/wp\/v2\/users\/6"}],"replies":[{"embeddable":true,"href":"https:\/\/www.facet.unt.edu.ar\/posgrado\/wp-json\/wp\/v2\/comments?post=1132"}],"version-history":[{"count":3,"href":"https:\/\/www.facet.unt.edu.ar\/posgrado\/wp-json\/wp\/v2\/posts\/1132\/revisions"}],"predecessor-version":[{"id":1136,"href":"https:\/\/www.facet.unt.edu.ar\/posgrado\/wp-json\/wp\/v2\/posts\/1132\/revisions\/1136"}],"wp:featuredmedia":[{"embeddable":true,"href":"https:\/\/www.facet.unt.edu.ar\/posgrado\/wp-json\/wp\/v2\/media\/1133"}],"wp:attachment":[{"href":"https:\/\/www.facet.unt.edu.ar\/posgrado\/wp-json\/wp\/v2\/media?parent=1132"}],"wp:term":[{"taxonomy":"category","embeddable":true,"href":"https:\/\/www.facet.unt.edu.ar\/posgrado\/wp-json\/wp\/v2\/categories?post=1132"},{"taxonomy":"post_tag","embeddable":true,"href":"https:\/\/www.facet.unt.edu.ar\/posgrado\/wp-json\/wp\/v2\/tags?post=1132"}],"curies":[{"name":"wp","href":"https:\/\/api.w.org\/{rel}","templated":true}]}}