{"id":1215,"date":"2023-03-22T23:17:44","date_gmt":"2023-03-23T02:17:44","guid":{"rendered":"https:\/\/www.facet.unt.edu.ar\/posgrado\/?p=1215"},"modified":"2023-03-23T23:23:00","modified_gmt":"2023-03-24T02:23:00","slug":"curso-de-posgrado-topicos-de-algebra","status":"publish","type":"post","link":"https:\/\/www.facet.unt.edu.ar\/posgrado\/2023\/03\/22\/curso-de-posgrado-topicos-de-algebra\/","title":{"rendered":"Curso de Posgrado \u201cT\u00f3picos de \u00c1lgebra\u201d"},"content":{"rendered":"<div id=\"pl-1215\"  class=\"panel-layout\"><div id=\"pg-1215-0\"  class=\"panel-grid panel-no-style\"><div id=\"pgc-1215-0-0\"  class=\"panel-grid-cell\"><div id=\"panel-1215-0-0-0\" class=\"so-panel widget widget_black-studio-tinymce widget_black_studio_tinymce panel-first-child panel-last-child\" data-index=\"0\"><div class=\"textwidget\"><p><a href=\"https:\/\/www.facet.unt.edu.ar\/posgrado\/wp-content\/uploads\/sites\/54\/2023\/03\/CURSO-DE-POSGRADO-TOPICOS-DE-ALGEBRA.png\"><img class=\"aligncenter size-full wp-image-1216\" src=\"https:\/\/www.facet.unt.edu.ar\/posgrado\/wp-content\/uploads\/sites\/54\/2023\/03\/CURSO-DE-POSGRADO-TOPICOS-DE-ALGEBRA.png\" alt=\"\" width=\"1080\" height=\"1350\" \/><\/a><\/p>\n<\/div><\/div><\/div><div id=\"pgc-1215-0-1\"  class=\"panel-grid-cell\"><div id=\"panel-1215-0-1-0\" class=\"so-panel widget widget_sow-editor panel-first-child panel-last-child\" data-index=\"1\"><div\n\t\t\t\n\t\t\tclass=\"so-widget-sow-editor so-widget-sow-editor-base\">\n<div class=\"siteorigin-widget-tinymce textwidget\">\n\t<p style=\"text-align: justify;\">Se informa a los interesados que se encuentran abiertas las inscripciones para participar en el curso de posgrado \u201cT\u00f3picos de \u00c1lgebra\u201d, en el marco de la Maestr\u00eda en Matem\u00e1tica, organizado por el Departamento de Matem\u00e1tica de la FACET- UNT.<\/p>\n<p style=\"text-align: justify;\">Esta capacitaci\u00f3n dar\u00e1 inicio el lunes 3 de abril, en el Aula 2-4-9. Block 2, 4\u00b0 Piso (Departamento de Matem\u00e1tica - FACET).<br \/>Sobre el curso:<\/p>\n<p style=\"text-align: justify;\">Disciplina: \u00c1lgebra de Lie \u2013 Inform\u00e1tica<\/p>\n<p style=\"text-align: justify;\">Contenidos: \u00c1lgebras de Lie. Definici\u00f3n y ejemplos. \u00c1lgebras de Lie Inilpotentes y solubles. \u00c1lgebras de Lie semisimples. Programaci\u00f3n en Maple.<\/p>\n<p style=\"text-align: justify;\">Condiciones de Admisi\u00f3n: Poseer conocimientos de \u00c1lgebra lineal y manejo de software de aplicaci\u00f3n en matem\u00e1tica. <\/p><\/div><\/div><\/div><\/div><\/div><\/div><p><a class=\"more-link\" href=\"https:\/\/www.facet.unt.edu.ar\/posgrado\/2023\/03\/22\/curso-de-posgrado-topicos-de-algebra\/\">Leer m\u00e1s<span class=\"meta-nav\">&rarr;<\/span><\/a><\/p>","protected":false},"excerpt":{"rendered":"<p>Se informa a los interesados que se encuentran abiertas las inscripciones para participar en el curso de posgrado \u201cT\u00f3picos de \u00c1lgebra\u201d, en el marco de la Maestr\u00eda en Matem\u00e1tica, organizado por el Departamento de Matem\u00e1tica de la FACET- UNT.Esta capacitaci\u00f3n dar\u00e1 inicio el lunes 3 de abril, en el Aula 2-4-9. Block 2, 4\u00b0 Piso [&hellip;]<\/p>\n","protected":false},"author":6,"featured_media":1216,"comment_status":"closed","ping_status":"closed","sticky":false,"template":"","format":"standard","meta":[],"categories":[11],"tags":[],"_links":{"self":[{"href":"https:\/\/www.facet.unt.edu.ar\/posgrado\/wp-json\/wp\/v2\/posts\/1215"}],"collection":[{"href":"https:\/\/www.facet.unt.edu.ar\/posgrado\/wp-json\/wp\/v2\/posts"}],"about":[{"href":"https:\/\/www.facet.unt.edu.ar\/posgrado\/wp-json\/wp\/v2\/types\/post"}],"author":[{"embeddable":true,"href":"https:\/\/www.facet.unt.edu.ar\/posgrado\/wp-json\/wp\/v2\/users\/6"}],"replies":[{"embeddable":true,"href":"https:\/\/www.facet.unt.edu.ar\/posgrado\/wp-json\/wp\/v2\/comments?post=1215"}],"version-history":[{"count":1,"href":"https:\/\/www.facet.unt.edu.ar\/posgrado\/wp-json\/wp\/v2\/posts\/1215\/revisions"}],"predecessor-version":[{"id":1217,"href":"https:\/\/www.facet.unt.edu.ar\/posgrado\/wp-json\/wp\/v2\/posts\/1215\/revisions\/1217"}],"wp:featuredmedia":[{"embeddable":true,"href":"https:\/\/www.facet.unt.edu.ar\/posgrado\/wp-json\/wp\/v2\/media\/1216"}],"wp:attachment":[{"href":"https:\/\/www.facet.unt.edu.ar\/posgrado\/wp-json\/wp\/v2\/media?parent=1215"}],"wp:term":[{"taxonomy":"category","embeddable":true,"href":"https:\/\/www.facet.unt.edu.ar\/posgrado\/wp-json\/wp\/v2\/categories?post=1215"},{"taxonomy":"post_tag","embeddable":true,"href":"https:\/\/www.facet.unt.edu.ar\/posgrado\/wp-json\/wp\/v2\/tags?post=1215"}],"curies":[{"name":"wp","href":"https:\/\/api.w.org\/{rel}","templated":true}]}}