{"id":1631,"date":"2024-12-04T11:04:38","date_gmt":"2024-12-04T14:04:38","guid":{"rendered":"https:\/\/www.facet.unt.edu.ar\/posgrado\/?p=1631"},"modified":"2024-12-05T11:10:50","modified_gmt":"2024-12-05T14:10:50","slug":"acto-academico-de-colacion-de-posgrado-de-la-facet","status":"publish","type":"post","link":"https:\/\/www.facet.unt.edu.ar\/posgrado\/2024\/12\/04\/acto-academico-de-colacion-de-posgrado-de-la-facet\/","title":{"rendered":"Acto Acad\u00e9mico de Colaci\u00f3n de Posgrado de la FACET"},"content":{"rendered":"<div id=\"pl-1631\"  class=\"panel-layout\"><div id=\"pg-1631-0\"  class=\"panel-grid panel-no-style\"><div id=\"pgc-1631-0-0\"  class=\"panel-grid-cell\"><div id=\"panel-1631-0-0-0\" class=\"so-panel widget widget_black-studio-tinymce widget_black_studio_tinymce panel-first-child panel-last-child\" data-index=\"0\"><div class=\"textwidget\"><p><a href=\"https:\/\/www.facet.unt.edu.ar\/posgrado\/wp-content\/uploads\/sites\/54\/2024\/12\/unnamed-28.png\"><img class=\"aligncenter size-full wp-image-1632\" src=\"https:\/\/www.facet.unt.edu.ar\/posgrado\/wp-content\/uploads\/sites\/54\/2024\/12\/unnamed-28.png\" alt=\"\" width=\"1080\" height=\"1080\" \/><\/a><\/p>\n<\/div><\/div><\/div><div id=\"pgc-1631-0-1\"  class=\"panel-grid-cell\"><div id=\"panel-1631-0-1-0\" class=\"so-panel widget widget_sow-editor panel-first-child panel-last-child\" data-index=\"1\"><div\n\t\t\t\n\t\t\tclass=\"so-widget-sow-editor so-widget-sow-editor-base\">\n<div class=\"siteorigin-widget-tinymce textwidget\">\n\t<p style=\"text-align: justify;\">En presencia del Decano de la FACET, Dr.Miguel \u00c1ngel Cabrera, el Vicedecano, Mg. Eduardo Martel,su gabinete, docentes, no docentes, estudiantes y p\u00fablico en general, el martes 3 de diciembre se realiz\u00f3 el acto acad\u00e9mico de la \u00faltima colaci\u00f3n de grado y posgrado de este per\u00edodo lectivo de la FACET, en el Teatro Alberdi.<\/p>\n<p style=\"text-align: justify;\">Inici\u00f3 a las 19 hs con un momento musical de la mano de Ezequiel Mart\u00edn y continu\u00f3 con el ingreso de las Banderas de Ceremonia:\u00a0 Nacional y Macha.<\/p><\/div><\/div><\/div><\/div><\/div><\/div><p><a class=\"more-link\" href=\"https:\/\/www.facet.unt.edu.ar\/posgrado\/2024\/12\/04\/acto-academico-de-colacion-de-posgrado-de-la-facet\/\">Leer m\u00e1s<span class=\"meta-nav\">&rarr;<\/span><\/a><\/p>","protected":false},"excerpt":{"rendered":"<p>En presencia del Decano de la FACET, Dr.Miguel \u00c1ngel Cabrera, el Vicedecano, Mg. Eduardo Martel,su gabinete, docentes, no docentes, estudiantes y p\u00fablico en general, el martes 3 de diciembre se realiz\u00f3 el acto acad\u00e9mico de la \u00faltima colaci\u00f3n de grado y posgrado de este per\u00edodo lectivo de la FACET, en el Teatro Alberdi.Inici\u00f3 a las [&hellip;]<\/p>\n","protected":false},"author":6,"featured_media":1632,"comment_status":"closed","ping_status":"closed","sticky":false,"template":"","format":"standard","meta":[],"categories":[13],"tags":[],"_links":{"self":[{"href":"https:\/\/www.facet.unt.edu.ar\/posgrado\/wp-json\/wp\/v2\/posts\/1631"}],"collection":[{"href":"https:\/\/www.facet.unt.edu.ar\/posgrado\/wp-json\/wp\/v2\/posts"}],"about":[{"href":"https:\/\/www.facet.unt.edu.ar\/posgrado\/wp-json\/wp\/v2\/types\/post"}],"author":[{"embeddable":true,"href":"https:\/\/www.facet.unt.edu.ar\/posgrado\/wp-json\/wp\/v2\/users\/6"}],"replies":[{"embeddable":true,"href":"https:\/\/www.facet.unt.edu.ar\/posgrado\/wp-json\/wp\/v2\/comments?post=1631"}],"version-history":[{"count":3,"href":"https:\/\/www.facet.unt.edu.ar\/posgrado\/wp-json\/wp\/v2\/posts\/1631\/revisions"}],"predecessor-version":[{"id":1635,"href":"https:\/\/www.facet.unt.edu.ar\/posgrado\/wp-json\/wp\/v2\/posts\/1631\/revisions\/1635"}],"wp:featuredmedia":[{"embeddable":true,"href":"https:\/\/www.facet.unt.edu.ar\/posgrado\/wp-json\/wp\/v2\/media\/1632"}],"wp:attachment":[{"href":"https:\/\/www.facet.unt.edu.ar\/posgrado\/wp-json\/wp\/v2\/media?parent=1631"}],"wp:term":[{"taxonomy":"category","embeddable":true,"href":"https:\/\/www.facet.unt.edu.ar\/posgrado\/wp-json\/wp\/v2\/categories?post=1631"},{"taxonomy":"post_tag","embeddable":true,"href":"https:\/\/www.facet.unt.edu.ar\/posgrado\/wp-json\/wp\/v2\/tags?post=1631"}],"curies":[{"name":"wp","href":"https:\/\/api.w.org\/{rel}","templated":true}]}}