{"id":1664,"date":"2024-12-18T00:56:45","date_gmt":"2024-12-18T03:56:45","guid":{"rendered":"https:\/\/www.facet.unt.edu.ar\/posgrado\/?p=1664"},"modified":"2024-12-18T01:04:38","modified_gmt":"2024-12-18T04:04:38","slug":"curso-de-posgrado-introduccion-al-estudio-de-la-ionosfera-fisica-variabilidad-tecnicas-de-analisis-de-datos-y-estimaciones-de-tendencias","status":"publish","type":"post","link":"https:\/\/www.facet.unt.edu.ar\/posgrado\/2024\/12\/18\/curso-de-posgrado-introduccion-al-estudio-de-la-ionosfera-fisica-variabilidad-tecnicas-de-analisis-de-datos-y-estimaciones-de-tendencias\/","title":{"rendered":"Curso de Posgrado &#8220;Introducci\u00f3n al Estudio de la Ion\u00f3sfera: F\u00edsica, Variabilidad, T\u00e9cnicas de An\u00e1lisis de Datos y Estimaciones de Tendencias&#8221;"},"content":{"rendered":"<p style=\"text-align: justify;\">Se invita a los interesados a participar del Curso de Posgrado &#8220;Introducci\u00f3n al Estudio de la Ion\u00f3sfera: F\u00edsica, Variabilidad, T\u00e9cnicas de An\u00e1lisis de Datos y Estimaciones de Tendencias&#8221;, que comenzar\u00e1 el 10 de febrero y finalizar\u00e1 el 14 de marzo del a\u00f1o 2025, a cargo del Dr. Blas F. de Haro Barbas y de la Dra. Ana G. Elias.<\/p>\n<p style=\"text-align: justify;\">Duraci\u00f3n: 60 horas.<\/p>\n<p style=\"text-align: justify;\">El curso tendr\u00e1 como objetivo introducir al alumno en temas de f\u00edsica de la atm\u00f3sfera superior, f\u00edsica de plasmas y geof\u00edsica en general, y generar inquietud por los \u00faltimos avances y los temas de investigaci\u00f3n m\u00e1s activas en esta \u00e1rea.<\/p>\n<p>Contacto: <a href=\"mailto:bdeharo@herrera.unt.edu.ar\">bdeharo@herrera.unt.edu.ar<\/a><\/p>\n","protected":false},"excerpt":{"rendered":"<p>Se invita a los interesados a participar del Curso de Posgrado &#8220;Introducci\u00f3n al Estudio de la Ion\u00f3sfera: F\u00edsica, Variabilidad, T\u00e9cnicas de An\u00e1lisis de Datos y Estimaciones de Tendencias&#8221;, que comenzar\u00e1 el 10 de febrero y finalizar\u00e1 el 14 de marzo del a\u00f1o 2025, a cargo del Dr. Blas F. de Haro Barbas y de la [&hellip;]<\/p>\n","protected":false},"author":6,"featured_media":0,"comment_status":"closed","ping_status":"closed","sticky":false,"template":"","format":"standard","meta":[],"categories":[11],"tags":[],"_links":{"self":[{"href":"https:\/\/www.facet.unt.edu.ar\/posgrado\/wp-json\/wp\/v2\/posts\/1664"}],"collection":[{"href":"https:\/\/www.facet.unt.edu.ar\/posgrado\/wp-json\/wp\/v2\/posts"}],"about":[{"href":"https:\/\/www.facet.unt.edu.ar\/posgrado\/wp-json\/wp\/v2\/types\/post"}],"author":[{"embeddable":true,"href":"https:\/\/www.facet.unt.edu.ar\/posgrado\/wp-json\/wp\/v2\/users\/6"}],"replies":[{"embeddable":true,"href":"https:\/\/www.facet.unt.edu.ar\/posgrado\/wp-json\/wp\/v2\/comments?post=1664"}],"version-history":[{"count":5,"href":"https:\/\/www.facet.unt.edu.ar\/posgrado\/wp-json\/wp\/v2\/posts\/1664\/revisions"}],"predecessor-version":[{"id":1674,"href":"https:\/\/www.facet.unt.edu.ar\/posgrado\/wp-json\/wp\/v2\/posts\/1664\/revisions\/1674"}],"wp:attachment":[{"href":"https:\/\/www.facet.unt.edu.ar\/posgrado\/wp-json\/wp\/v2\/media?parent=1664"}],"wp:term":[{"taxonomy":"category","embeddable":true,"href":"https:\/\/www.facet.unt.edu.ar\/posgrado\/wp-json\/wp\/v2\/categories?post=1664"},{"taxonomy":"post_tag","embeddable":true,"href":"https:\/\/www.facet.unt.edu.ar\/posgrado\/wp-json\/wp\/v2\/tags?post=1664"}],"curies":[{"name":"wp","href":"https:\/\/api.w.org\/{rel}","templated":true}]}}