{"id":878,"date":"2025-07-02T13:00:04","date_gmt":"2025-07-02T16:00:04","guid":{"rendered":"https:\/\/www.facet.unt.edu.ar\/revistacet\/?p=878"},"modified":"2025-07-02T14:39:21","modified_gmt":"2025-07-02T17:39:21","slug":"convocatoria-para-la-presentacion-de-trabajos-para-el-numero-47-ano-xxxiii-de-cet","status":"publish","type":"post","link":"https:\/\/www.facet.unt.edu.ar\/revistacet\/2025\/07\/02\/convocatoria-para-la-presentacion-de-trabajos-para-el-numero-47-ano-xxxiii-de-cet\/","title":{"rendered":"Convocatoria para la presentaci\u00f3n de trabajos para el n\u00famero 47 a\u00f1o XXXIII de cet"},"content":{"rendered":"<div id=\"pl-878\"  class=\"panel-layout\" ><div id=\"pg-878-0\"  class=\"panel-grid panel-no-style\" ><div id=\"pgc-878-0-0\"  class=\"panel-grid-cell\" ><div id=\"panel-878-0-0-0\" class=\"so-panel widget widget_black-studio-tinymce widget_black_studio_tinymce panel-first-child panel-last-child\" data-index=\"0\" ><div class=\"textwidget\"><p><a href=\"https:\/\/www.facet.unt.edu.ar\/revistacet\/wp-content\/uploads\/sites\/28\/2025\/06\/convocatoria_cet.jpg\"><img class=\"aligncenter wp-image-922 size-full\" src=\"https:\/\/www.facet.unt.edu.ar\/revistacet\/wp-content\/uploads\/sites\/28\/2025\/06\/convocatoria_cet.jpg\" alt=\"\" width=\"736\" height=\"654\" \/><\/a><\/p>\n<\/div><\/div><\/div><div id=\"pgc-878-0-1\"  class=\"panel-grid-cell\" ><div id=\"panel-878-0-1-0\" class=\"so-panel widget widget_sow-editor panel-first-child panel-last-child\" data-index=\"1\" ><div\n\t\t\t\n\t\t\tclass=\"so-widget-sow-editor so-widget-sow-editor-base\"\n\t\t\t\n\t\t>\n<div class=\"siteorigin-widget-tinymce textwidget\">\n\t<p style=\"text-align: justify;\">Se encuentra abierta la convocatoria para la presentaci\u00f3n de trabajos en la Revista \u201ccet\u201d.<\/p>\n<p style=\"text-align: justify;\">La direcci\u00f3n de la Revista cet y las autoridades de la FACET invitan a docentes, investigadores, graduados, becarios y tesistas a publicar art\u00edculos en la pr\u00f3xima edici\u00f3n de cet, \u201cRevista de Ciencias Exactas e Ingenier\u00eda\u201d, ISSN: 1668-9178, N\u00famero 47, A\u00f1o XXXIII.<\/p>\n<p style=\"text-align: justify;\">La revista cet es una publicaci\u00f3n de la Facultad de Ciencias Exactas y Tecnolog\u00eda de la UNT, orientada a difundir art\u00edculos de investigaci\u00f3n cient\u00edfica y tecnol\u00f3gica, de docencia y de extensi\u00f3n sobre temas de las ingenier\u00edas y sus ciencias b\u00e1sicas.<\/p>\n<p style=\"text-align: justify;\">Los art\u00edculos deber\u00e1n cumplir con las Instrucciones para Autores (<a href=\"https:\/\/www.facet.unt.edu.ar\/revistacet\/\" target=\"_blank\" rel=\"noopener\" data-saferedirecturl=\"https:\/\/www.google.com\/url?q=https:\/\/www.facet.unt.edu.ar\/revistacet\/&amp;source=gmail&amp;ust=1734020500074000&amp;usg=AOvVaw1i5iotj27GIal7-pptEeiH\">https:\/\/www.facet.unt.edu.ar\/<wbr \/>revistacet\/<\/a>)<\/p>\n<\/div>\n<\/div><\/div><\/div><\/div><\/div>","protected":false},"excerpt":{"rendered":"<p>Se encuentra abierta la convocatoria para la presentaci\u00f3n de trabajos en la Revista \u201ccet\u201d. La direcci\u00f3n de la Revista cet y las autoridades de la FACET invitan a docentes, investigadores, graduados, becarios y tesistas a publicar art\u00edculos en la pr\u00f3xima edici\u00f3n de cet, \u201cRevista de Ciencias Exactas e Ingenier\u00eda\u201d, ISSN: 1668-9178, N\u00famero 47, A\u00f1o XXXIII. [&hellip;]<\/p>\n","protected":false},"author":1,"featured_media":0,"comment_status":"closed","ping_status":"closed","sticky":false,"template":"","format":"standard","meta":[],"categories":[4],"tags":[],"_links":{"self":[{"href":"https:\/\/www.facet.unt.edu.ar\/revistacet\/wp-json\/wp\/v2\/posts\/878"}],"collection":[{"href":"https:\/\/www.facet.unt.edu.ar\/revistacet\/wp-json\/wp\/v2\/posts"}],"about":[{"href":"https:\/\/www.facet.unt.edu.ar\/revistacet\/wp-json\/wp\/v2\/types\/post"}],"author":[{"embeddable":true,"href":"https:\/\/www.facet.unt.edu.ar\/revistacet\/wp-json\/wp\/v2\/users\/1"}],"replies":[{"embeddable":true,"href":"https:\/\/www.facet.unt.edu.ar\/revistacet\/wp-json\/wp\/v2\/comments?post=878"}],"version-history":[{"count":9,"href":"https:\/\/www.facet.unt.edu.ar\/revistacet\/wp-json\/wp\/v2\/posts\/878\/revisions"}],"predecessor-version":[{"id":924,"href":"https:\/\/www.facet.unt.edu.ar\/revistacet\/wp-json\/wp\/v2\/posts\/878\/revisions\/924"}],"wp:attachment":[{"href":"https:\/\/www.facet.unt.edu.ar\/revistacet\/wp-json\/wp\/v2\/media?parent=878"}],"wp:term":[{"taxonomy":"category","embeddable":true,"href":"https:\/\/www.facet.unt.edu.ar\/revistacet\/wp-json\/wp\/v2\/categories?post=878"},{"taxonomy":"post_tag","embeddable":true,"href":"https:\/\/www.facet.unt.edu.ar\/revistacet\/wp-json\/wp\/v2\/tags?post=878"}],"curies":[{"name":"wp","href":"https:\/\/api.w.org\/{rel}","templated":true}]}}