{"id":1007,"date":"2022-05-30T12:50:57","date_gmt":"2022-05-30T15:50:57","guid":{"rendered":"https:\/\/www.facet.unt.edu.ar\/sbe\/?p=1007"},"modified":"2022-05-30T12:51:54","modified_gmt":"2022-05-30T15:51:54","slug":"novedades-de-la-convocatoria-salerno-2022","status":"publish","type":"post","link":"https:\/\/www.facet.unt.edu.ar\/sbe\/2022\/05\/30\/novedades-de-la-convocatoria-salerno-2022\/","title":{"rendered":"Novedades de la Convocatoria Salerno 2022"},"content":{"rendered":"<div id=\"pl-1007\"  class=\"panel-layout\" ><div id=\"pg-1007-0\"  class=\"panel-grid panel-no-style\" ><div id=\"pgc-1007-0-0\"  class=\"panel-grid-cell\" ><div id=\"panel-1007-0-0-0\" class=\"so-panel widget widget_black-studio-tinymce widget_black_studio_tinymce panel-first-child panel-last-child\" data-index=\"0\" ><div class=\"textwidget\"><p><img class=\"aligncenter size-full wp-image-1008\" src=\"https:\/\/www.facet.unt.edu.ar\/sbe\/wp-content\/uploads\/sites\/77\/2022\/05\/convocatoria-Salerno-cierre-prorrogado.png\" alt=\"\" width=\"1300\" height=\"1300\" \/><\/p>\n<\/div><\/div><\/div><div id=\"pgc-1007-0-1\"  class=\"panel-grid-cell\" ><div id=\"panel-1007-0-1-0\" class=\"so-panel widget widget_sow-editor panel-first-child panel-last-child\" data-index=\"1\" ><div\n\t\t\t\n\t\t\tclass=\"so-widget-sow-editor so-widget-sow-editor-base\"\n\t\t\t\n\t\t>\n<div class=\"siteorigin-widget-tinymce textwidget\">\n\t<p style=\"text-align: justify;\">Se informa a los alumnos\/as de las carreras de Ing. Civil, Electr\u00f3nica, Industrial, Mec\u00e1nica y Qu\u00edmica de la FACET, que ya hayan finalizado el 4\u00b0 a\u00f1o, y quieran completar su carrera en la Universidad de Salerno (UniSa), Italia, que la convocatoria presenta algunas novedades: se extiende la fecha de cierre hasta el 15 de junio, se baja cantidad de lugares, se presenta cronograma de pasos, se flexibiliza requisitos de inscripci\u00f3n, entre otras.<\/p>\n<p style=\"text-align: justify;\">Por lo tanto, se recomienda a todos los estudiantes interesados en participar de esta Convocatoria a leer con atenci\u00f3n los diferentes puntos, que se encuentran en el siguiente archivo: <a href=\"https:\/\/www.facet.unt.edu.ar\/sbe\/wp-content\/uploads\/sites\/77\/2022\/05\/MODIFICACIONES-Convocatoria-2022-Salerno.pdf\" target=\"_blank\" rel=\"noopener\">https:\/\/www.facet.unt.edu.ar\/sbe\/wp-content\/uploads\/sites\/77\/2022\/05\/MODIFICACIONES-Convocatoria-2022-Salerno.pdf<\/a><\/p>\n<p style=\"text-align: justify;\">Cierre de inscripci\u00f3n: <strong>mi\u00e9rcoles 15 de junio de 2022 <\/strong><span style=\"color: #ff0000;\">(fecha prorrogada)<\/span>.<\/p>\n<p style=\"text-align: justify;\">Consultas y env\u00edo de la documentaci\u00f3n digital solicitada: Mag. Ing. Jorge A. Gonz\u00e1lez (Responsable Relaciones Internacionales FACET) al e-mail: <a href=\"mailto:rrii-facet@herrera.unt.edu.ar\" target=\"_blank\" rel=\"noopener\">rrii-facet@herrera.unt.edu.ar<\/a>, indicando en el Asunto: UNISA.<\/p>\n<\/div>\n<\/div><\/div><\/div><\/div><\/div>","protected":false},"excerpt":{"rendered":"<p>Se informa a los alumnos\/as de las carreras de Ing. Civil, Electr\u00f3nica, Industrial, Mec\u00e1nica y Qu\u00edmica de la FACET, que ya hayan finalizado el 4\u00b0 a\u00f1o, y quieran completar su carrera en la Universidad de Salerno (UniSa), Italia, que la convocatoria presenta algunas novedades: se extiende la fecha de cierre hasta el 15 de junio, [&hellip;]<\/p>\n","protected":false},"author":6,"featured_media":1008,"comment_status":"closed","ping_status":"closed","sticky":false,"template":"","format":"standard","meta":[],"categories":[4],"tags":[],"_links":{"self":[{"href":"https:\/\/www.facet.unt.edu.ar\/sbe\/wp-json\/wp\/v2\/posts\/1007"}],"collection":[{"href":"https:\/\/www.facet.unt.edu.ar\/sbe\/wp-json\/wp\/v2\/posts"}],"about":[{"href":"https:\/\/www.facet.unt.edu.ar\/sbe\/wp-json\/wp\/v2\/types\/post"}],"author":[{"embeddable":true,"href":"https:\/\/www.facet.unt.edu.ar\/sbe\/wp-json\/wp\/v2\/users\/6"}],"replies":[{"embeddable":true,"href":"https:\/\/www.facet.unt.edu.ar\/sbe\/wp-json\/wp\/v2\/comments?post=1007"}],"version-history":[{"count":3,"href":"https:\/\/www.facet.unt.edu.ar\/sbe\/wp-json\/wp\/v2\/posts\/1007\/revisions"}],"predecessor-version":[{"id":1011,"href":"https:\/\/www.facet.unt.edu.ar\/sbe\/wp-json\/wp\/v2\/posts\/1007\/revisions\/1011"}],"wp:featuredmedia":[{"embeddable":true,"href":"https:\/\/www.facet.unt.edu.ar\/sbe\/wp-json\/wp\/v2\/media\/1008"}],"wp:attachment":[{"href":"https:\/\/www.facet.unt.edu.ar\/sbe\/wp-json\/wp\/v2\/media?parent=1007"}],"wp:term":[{"taxonomy":"category","embeddable":true,"href":"https:\/\/www.facet.unt.edu.ar\/sbe\/wp-json\/wp\/v2\/categories?post=1007"},{"taxonomy":"post_tag","embeddable":true,"href":"https:\/\/www.facet.unt.edu.ar\/sbe\/wp-json\/wp\/v2\/tags?post=1007"}],"curies":[{"name":"wp","href":"https:\/\/api.w.org\/{rel}","templated":true}]}}