{"id":1032,"date":"2022-06-01T13:13:09","date_gmt":"2022-06-01T16:13:09","guid":{"rendered":"https:\/\/www.facet.unt.edu.ar\/sbe\/?p=1032"},"modified":"2022-06-01T13:21:27","modified_gmt":"2022-06-01T16:21:27","slug":"invitacion-a-presentacion-de-trabajo-de-graduacion-para-acceder-al-titulo-de-ing-en-computacion","status":"publish","type":"post","link":"https:\/\/www.facet.unt.edu.ar\/sbe\/2022\/06\/01\/invitacion-a-presentacion-de-trabajo-de-graduacion-para-acceder-al-titulo-de-ing-en-computacion\/","title":{"rendered":"Invitaci\u00f3n a Presentaci\u00f3n de Trabajo de Graduaci\u00f3n para acceder al t\u00edtulo de Ing. en Computaci\u00f3n"},"content":{"rendered":"<div id=\"pl-1032\"  class=\"panel-layout\" ><div id=\"pg-1032-0\"  class=\"panel-grid panel-no-style\" ><div id=\"pgc-1032-0-0\"  class=\"panel-grid-cell\" ><div id=\"panel-1032-0-0-0\" class=\"so-panel widget widget_black-studio-tinymce widget_black_studio_tinymce panel-first-child panel-last-child\" data-index=\"0\" ><div class=\"textwidget\"><p><img class=\"aligncenter size-full wp-image-1033\" src=\"https:\/\/www.facet.unt.edu.ar\/sbe\/wp-content\/uploads\/sites\/77\/2022\/06\/defensa-de-tesis-de-ing-en-computacion-02-06-22.png\" alt=\"\" width=\"1080\" height=\"1080\" \/><\/p>\n<\/div><\/div><\/div><div id=\"pgc-1032-0-1\"  class=\"panel-grid-cell\" ><div id=\"panel-1032-0-1-0\" class=\"so-panel widget widget_sow-editor panel-first-child panel-last-child\" data-index=\"1\" ><div\n\t\t\t\n\t\t\tclass=\"so-widget-sow-editor so-widget-sow-editor-base\"\n\t\t\t\n\t\t>\n<div class=\"siteorigin-widget-tinymce textwidget\">\n\t<p style=\"text-align: justify;\" data-mce-style=\"text-align: justify;\" align=\"justify\">Se invita a toda la comunidad universitaria a participar de la Defensa del Proyecto de Graduaci\u00f3n de los alumnos <strong>Guido D'arpino<\/strong> y <strong>Pablo Guti\u00e9rrez<\/strong>, titulado \u201c<strong>Software para la administraci\u00f3n del men\u00fa y pedidos en bar o restaurant<\/strong>\u201d, para obtener el t\u00edtulo de grado de <strong>Ing. en Computaci\u00f3n<\/strong>, FACET \u2013 UNT.<\/p>\n<p style=\"text-align: justify;\" data-mce-style=\"text-align: justify;\" align=\"justify\">El proyecto final estuvo bajo la tutor\u00eda de los ingenieros Carlos Albaca Parav\u00e1n y Enzo A. S\u00e9mola.<\/p>\n<p style=\"text-align: justify;\" data-mce-style=\"text-align: justify;\" align=\"justify\">El acto acad\u00e9mico se llevar\u00e1 a cabo el jueves 02 de junio, a las 10:00 hs, en la Sala de Medios Audiovisuales, Block 3, 1er Piso, FACET.<\/p>\n<\/div>\n<\/div><\/div><\/div><\/div><\/div>","protected":false},"excerpt":{"rendered":"<p>Se invita a toda la comunidad universitaria a participar de la Defensa del Proyecto de Graduaci\u00f3n de los alumnos Guido D&#8217;arpino y Pablo Guti\u00e9rrez, titulado \u201cSoftware para la administraci\u00f3n del men\u00fa y pedidos en bar o restaurant\u201d, para obtener el t\u00edtulo de grado de Ing. en Computaci\u00f3n, FACET \u2013 UNT. El proyecto final estuvo bajo [&hellip;]<\/p>\n","protected":false},"author":6,"featured_media":1033,"comment_status":"closed","ping_status":"closed","sticky":false,"template":"","format":"standard","meta":[],"categories":[4],"tags":[],"_links":{"self":[{"href":"https:\/\/www.facet.unt.edu.ar\/sbe\/wp-json\/wp\/v2\/posts\/1032"}],"collection":[{"href":"https:\/\/www.facet.unt.edu.ar\/sbe\/wp-json\/wp\/v2\/posts"}],"about":[{"href":"https:\/\/www.facet.unt.edu.ar\/sbe\/wp-json\/wp\/v2\/types\/post"}],"author":[{"embeddable":true,"href":"https:\/\/www.facet.unt.edu.ar\/sbe\/wp-json\/wp\/v2\/users\/6"}],"replies":[{"embeddable":true,"href":"https:\/\/www.facet.unt.edu.ar\/sbe\/wp-json\/wp\/v2\/comments?post=1032"}],"version-history":[{"count":3,"href":"https:\/\/www.facet.unt.edu.ar\/sbe\/wp-json\/wp\/v2\/posts\/1032\/revisions"}],"predecessor-version":[{"id":1036,"href":"https:\/\/www.facet.unt.edu.ar\/sbe\/wp-json\/wp\/v2\/posts\/1032\/revisions\/1036"}],"wp:featuredmedia":[{"embeddable":true,"href":"https:\/\/www.facet.unt.edu.ar\/sbe\/wp-json\/wp\/v2\/media\/1033"}],"wp:attachment":[{"href":"https:\/\/www.facet.unt.edu.ar\/sbe\/wp-json\/wp\/v2\/media?parent=1032"}],"wp:term":[{"taxonomy":"category","embeddable":true,"href":"https:\/\/www.facet.unt.edu.ar\/sbe\/wp-json\/wp\/v2\/categories?post=1032"},{"taxonomy":"post_tag","embeddable":true,"href":"https:\/\/www.facet.unt.edu.ar\/sbe\/wp-json\/wp\/v2\/tags?post=1032"}],"curies":[{"name":"wp","href":"https:\/\/api.w.org\/{rel}","templated":true}]}}