{"id":1074,"date":"2022-06-09T22:49:11","date_gmt":"2022-06-10T01:49:11","guid":{"rendered":"https:\/\/www.facet.unt.edu.ar\/sbe\/?p=1074"},"modified":"2022-06-09T22:52:08","modified_gmt":"2022-06-10T01:52:08","slug":"noticias-descubriendo-la-misteriosa-aurora-steve","status":"publish","type":"post","link":"https:\/\/www.facet.unt.edu.ar\/sbe\/2022\/06\/09\/noticias-descubriendo-la-misteriosa-aurora-steve\/","title":{"rendered":"Descubriendo la misteriosa aurora STEVE"},"content":{"rendered":"<div id=\"pl-1074\"  class=\"panel-layout\"><div id=\"pg-1074-0\"  class=\"panel-grid panel-no-style\"><div id=\"pgc-1074-0-0\"  class=\"panel-grid-cell\"><div id=\"panel-1074-0-0-0\" class=\"so-panel widget widget_black-studio-tinymce widget_black_studio_tinymce panel-first-child panel-last-child\" data-index=\"0\"><div class=\"textwidget\"><p><img class=\"aligncenter size-full wp-image-1075\" src=\"https:\/\/www.facet.unt.edu.ar\/sbe\/wp-content\/uploads\/sites\/77\/2022\/06\/orgullo-facet-Martinis.png\" alt=\"\" width=\"1300\" height=\"1300\" \/><\/p>\n<\/div><\/div><\/div><div id=\"pgc-1074-0-1\"  class=\"panel-grid-cell\"><div id=\"panel-1074-0-1-0\" class=\"so-panel widget widget_sow-editor panel-first-child panel-last-child\" data-index=\"1\"><div\n\t\t\t\n\t\t\tclass=\"so-widget-sow-editor so-widget-sow-editor-base\">\n<div class=\"siteorigin-widget-tinymce textwidget\">\n\t<div class=\"cxmmr5t8 oygrvhab hcukyx3x c1et5uql o9v6fnle ii04i59q\">\n<div dir=\"auto\" style=\"text-align: justify;\">El Dr. Carlos Martinis, graduado de la carrera de Licenciatura en F\u00edsica de la FACET - UNT, junto a otros cient\u00edficos, presentan las primeras observaciones directas sobre la r\u00e1pida evoluci\u00f3n de un arco auroral de color rojo brillante en un arco delgado de color malva conocido como STEVE.<\/div>\n<div dir=\"auto\" style=\"text-align: justify;\">\u00a0<\/div>\n<\/div>\n<div class=\"cxmmr5t8 oygrvhab hcukyx3x c1et5uql o9v6fnle ii04i59q\" style=\"text-align: justify;\">\n<div dir=\"auto\">En su trabajo de investigaci\u00f3n \"Rainbow of the night: First direct observation of a SAR arc evolving into STEVE\", presentan asombrosas observaciones de auroras sobre Nueva Zelanda durante una intensa tormenta geomagn\u00e9tica el 17 de marzo de 2015, donde revelan c\u00f3mo un arco auroral de color rojo brillante evolucion\u00f3 hasta convertirse en un arco delgado de color malva blanco, conocido como aumento fuerte de la velocidad t\u00e9rmica (STEVE).<\/div>\n<\/div>\n<div class=\"cxmmr5t8 oygrvhab hcukyx3x c1et5uql o9v6fnle ii04i59q\" style=\"text-align: justify;\">\n<div dir=\"auto\">\u00a0<\/div>\n<div dir=\"auto\">STEVE es un nuevo tipo de fen\u00f3meno auroral, descubierto inicialmente por cazadores de auroras aficionados en 2018. Desde entonces, los cient\u00edficos se han sentido profundamente desconcertados por c\u00f3mo se forma STEVE porque nuestra comprensi\u00f3n actual de la f\u00edsica de las auroras no parece aplicarse a STEVE.<\/div>\n<\/div>\n<p><\/p><\/div><\/div><\/div><\/div><\/div><\/div><p><a class=\"more-link\" href=\"https:\/\/www.facet.unt.edu.ar\/sbe\/2022\/06\/09\/noticias-descubriendo-la-misteriosa-aurora-steve\/\">Leer m\u00e1s<span class=\"meta-nav\">&rarr;<\/span><\/a><\/p>","protected":false},"excerpt":{"rendered":"<p>El Dr. Carlos Martinis, graduado de la carrera de Licenciatura en F\u00edsica de la FACET &#8211; UNT, junto a otros cient\u00edficos, presentan las primeras observaciones directas sobre la r\u00e1pida evoluci\u00f3n de un arco auroral de color rojo brillante en un arco delgado de color malva conocido como STEVE.\u00a0En su trabajo de investigaci\u00f3n &#8220;Rainbow of the [&hellip;]<\/p>\n","protected":false},"author":6,"featured_media":1075,"comment_status":"closed","ping_status":"closed","sticky":false,"template":"","format":"standard","meta":[],"categories":[4],"tags":[],"_links":{"self":[{"href":"https:\/\/www.facet.unt.edu.ar\/sbe\/wp-json\/wp\/v2\/posts\/1074"}],"collection":[{"href":"https:\/\/www.facet.unt.edu.ar\/sbe\/wp-json\/wp\/v2\/posts"}],"about":[{"href":"https:\/\/www.facet.unt.edu.ar\/sbe\/wp-json\/wp\/v2\/types\/post"}],"author":[{"embeddable":true,"href":"https:\/\/www.facet.unt.edu.ar\/sbe\/wp-json\/wp\/v2\/users\/6"}],"replies":[{"embeddable":true,"href":"https:\/\/www.facet.unt.edu.ar\/sbe\/wp-json\/wp\/v2\/comments?post=1074"}],"version-history":[{"count":3,"href":"https:\/\/www.facet.unt.edu.ar\/sbe\/wp-json\/wp\/v2\/posts\/1074\/revisions"}],"predecessor-version":[{"id":1078,"href":"https:\/\/www.facet.unt.edu.ar\/sbe\/wp-json\/wp\/v2\/posts\/1074\/revisions\/1078"}],"wp:featuredmedia":[{"embeddable":true,"href":"https:\/\/www.facet.unt.edu.ar\/sbe\/wp-json\/wp\/v2\/media\/1075"}],"wp:attachment":[{"href":"https:\/\/www.facet.unt.edu.ar\/sbe\/wp-json\/wp\/v2\/media?parent=1074"}],"wp:term":[{"taxonomy":"category","embeddable":true,"href":"https:\/\/www.facet.unt.edu.ar\/sbe\/wp-json\/wp\/v2\/categories?post=1074"},{"taxonomy":"post_tag","embeddable":true,"href":"https:\/\/www.facet.unt.edu.ar\/sbe\/wp-json\/wp\/v2\/tags?post=1074"}],"curies":[{"name":"wp","href":"https:\/\/api.w.org\/{rel}","templated":true}]}}