{"id":1151,"date":"2022-06-29T20:27:56","date_gmt":"2022-06-29T23:27:56","guid":{"rendered":"https:\/\/www.facet.unt.edu.ar\/sbe\/?p=1151"},"modified":"2022-06-29T20:27:57","modified_gmt":"2022-06-29T23:27:57","slug":"mesas-de-examenes-regulares-finales-del-turno-julio-agosto-2022","status":"publish","type":"post","link":"https:\/\/www.facet.unt.edu.ar\/sbe\/2022\/06\/29\/mesas-de-examenes-regulares-finales-del-turno-julio-agosto-2022\/","title":{"rendered":"Mesas de Ex\u00e1menes Regulares Finales del Turno Julio &#8211; Agosto 2022"},"content":{"rendered":"<div id=\"pl-1151\"  class=\"panel-layout\" ><div id=\"pg-1151-0\"  class=\"panel-grid panel-no-style\" ><div id=\"pgc-1151-0-0\"  class=\"panel-grid-cell\" ><div id=\"panel-1151-0-0-0\" class=\"so-panel widget widget_black-studio-tinymce widget_black_studio_tinymce panel-first-child panel-last-child\" data-index=\"0\" ><div class=\"textwidget\"><p><img class=\"aligncenter size-full wp-image-1152\" src=\"https:\/\/www.facet.unt.edu.ar\/sbe\/wp-content\/uploads\/sites\/77\/2022\/06\/MESAS-DE-EXAMENES-JULIO-AGOSTO-2022.png\" alt=\"\" width=\"1300\" height=\"1300\" \/><\/p>\n<\/div><\/div><\/div><div id=\"pgc-1151-0-1\"  class=\"panel-grid-cell\" ><div id=\"panel-1151-0-1-0\" class=\"so-panel widget widget_sow-editor panel-first-child panel-last-child\" data-index=\"1\" ><div\n\t\t\t\n\t\t\tclass=\"so-widget-sow-editor so-widget-sow-editor-base\"\n\t\t\t\n\t\t>\n<div class=\"siteorigin-widget-tinymce textwidget\">\n\t<p>Se informa a los estudiantes que las inscripciones, a trav\u00e9s del sistema SIU Guaran\u00ed, de mesas de examen regular del turno Julio - Agosto 2022, cierran en los d\u00edas y horarios que se indican en la gr\u00e1fica.<\/p>\n<p>Adem\u00e1s se recuerda que el receso invernal ser\u00e1 desde el 11 al 22 de julio de 2022, seg\u00fan <a href=\"https:\/\/www.facet.unt.edu.ar\/calendario-academico-facet\/\" target=\"_blank\" rel=\"noopener\">calendario acad\u00e9mico FACET<\/a>.<\/p>\n<\/div>\n<\/div><\/div><\/div><\/div><\/div>","protected":false},"excerpt":{"rendered":"<p>Se informa a los estudiantes que las inscripciones, a trav\u00e9s del sistema SIU Guaran\u00ed, de mesas de examen regular del turno Julio &#8211; Agosto 2022, cierran en los d\u00edas y horarios que se indican en la gr\u00e1fica.Adem\u00e1s se recuerda que el receso invernal ser\u00e1 desde el 11 al 22 de julio de 2022, seg\u00fan calendario [&hellip;]<\/p>\n","protected":false},"author":6,"featured_media":1152,"comment_status":"closed","ping_status":"closed","sticky":false,"template":"","format":"standard","meta":[],"categories":[4],"tags":[],"_links":{"self":[{"href":"https:\/\/www.facet.unt.edu.ar\/sbe\/wp-json\/wp\/v2\/posts\/1151"}],"collection":[{"href":"https:\/\/www.facet.unt.edu.ar\/sbe\/wp-json\/wp\/v2\/posts"}],"about":[{"href":"https:\/\/www.facet.unt.edu.ar\/sbe\/wp-json\/wp\/v2\/types\/post"}],"author":[{"embeddable":true,"href":"https:\/\/www.facet.unt.edu.ar\/sbe\/wp-json\/wp\/v2\/users\/6"}],"replies":[{"embeddable":true,"href":"https:\/\/www.facet.unt.edu.ar\/sbe\/wp-json\/wp\/v2\/comments?post=1151"}],"version-history":[{"count":2,"href":"https:\/\/www.facet.unt.edu.ar\/sbe\/wp-json\/wp\/v2\/posts\/1151\/revisions"}],"predecessor-version":[{"id":1154,"href":"https:\/\/www.facet.unt.edu.ar\/sbe\/wp-json\/wp\/v2\/posts\/1151\/revisions\/1154"}],"wp:featuredmedia":[{"embeddable":true,"href":"https:\/\/www.facet.unt.edu.ar\/sbe\/wp-json\/wp\/v2\/media\/1152"}],"wp:attachment":[{"href":"https:\/\/www.facet.unt.edu.ar\/sbe\/wp-json\/wp\/v2\/media?parent=1151"}],"wp:term":[{"taxonomy":"category","embeddable":true,"href":"https:\/\/www.facet.unt.edu.ar\/sbe\/wp-json\/wp\/v2\/categories?post=1151"},{"taxonomy":"post_tag","embeddable":true,"href":"https:\/\/www.facet.unt.edu.ar\/sbe\/wp-json\/wp\/v2\/tags?post=1151"}],"curies":[{"name":"wp","href":"https:\/\/api.w.org\/{rel}","templated":true}]}}