{"id":1319,"date":"2022-08-12T18:30:10","date_gmt":"2022-08-12T21:30:10","guid":{"rendered":"https:\/\/www.facet.unt.edu.ar\/sbe\/?p=1319"},"modified":"2022-08-12T11:29:14","modified_gmt":"2022-08-12T14:29:14","slug":"busqueda-de-pasantes-secretaria-de-estado-de-gestion-publica-y-planeamiento-2","status":"publish","type":"post","link":"https:\/\/www.facet.unt.edu.ar\/sbe\/2022\/08\/12\/busqueda-de-pasantes-secretaria-de-estado-de-gestion-publica-y-planeamiento-2\/","title":{"rendered":"B\u00fasqueda de Pasantes \u2013 Secretar\u00eda de Estado de Gesti\u00f3n P\u00fablica y Planeamiento"},"content":{"rendered":"<div id=\"pl-1319\"  class=\"panel-layout\"><div id=\"pg-1319-0\"  class=\"panel-grid panel-no-style\"><div id=\"pgc-1319-0-0\"  class=\"panel-grid-cell\"><div id=\"panel-1319-0-0-0\" class=\"so-panel widget widget_black-studio-tinymce widget_black_studio_tinymce panel-first-child panel-last-child\" data-index=\"0\"><div class=\"textwidget\"><p><img class=\"aligncenter size-full wp-image-1109\" src=\"https:\/\/www.facet.unt.edu.ar\/sbe\/wp-content\/uploads\/sites\/77\/2022\/06\/pasantia-sec-planeamiento.png\" alt=\"\" width=\"1300\" height=\"1300\" \/><\/p>\n<\/div><\/div><\/div><div id=\"pgc-1319-0-1\"  class=\"panel-grid-cell\"><div id=\"panel-1319-0-1-0\" class=\"so-panel widget widget_sow-editor panel-first-child panel-last-child\" data-index=\"1\"><div\n\t\t\t\n\t\t\tclass=\"so-widget-sow-editor so-widget-sow-editor-base\">\n<div class=\"siteorigin-widget-tinymce textwidget\">\n\t<p style=\"text-align: justify;\">La Secretar\u00eda de Estado de Gesti\u00f3n P\u00fablica y Planeamiento de la Provincia se encuentra en la b\u00fasqueda de 2 alumnos\/as avanzado\/as de las carreras de Ing. en Computaci\u00f3n, Licenciatura en Inform\u00e1tica o Programador Universitario de la FACET, al fin de realizar una pr\u00e1ctica educativa, en la Direcci\u00f3n de Tecnolog\u00edas de la Informaci\u00f3n.<\/p>\n<p style=\"text-align: justify;\">Los perfiles solicitados son los siguientes:<br \/>\u27a1<strong>PERFIL 1<\/strong>:<br \/>Cantidad de Personas: 1<br \/>Nombre del \u00e1rea: T\u00e9cnico en Desarrollo de Sistemas Inform\u00e1ticos.<\/p><\/div><\/div><\/div><\/div><\/div><\/div><p><a class=\"more-link\" href=\"https:\/\/www.facet.unt.edu.ar\/sbe\/2022\/08\/12\/busqueda-de-pasantes-secretaria-de-estado-de-gestion-publica-y-planeamiento-2\/\">Leer m\u00e1s<span class=\"meta-nav\">&rarr;<\/span><\/a><\/p>","protected":false},"excerpt":{"rendered":"<p>La Secretar\u00eda de Estado de Gesti\u00f3n P\u00fablica y Planeamiento de la Provincia se encuentra en la b\u00fasqueda de 2 alumnos\/as avanzado\/as de las carreras de Ing. en Computaci\u00f3n, Licenciatura en Inform\u00e1tica o Programador Universitario de la FACET, al fin de realizar una pr\u00e1ctica educativa, en la Direcci\u00f3n de Tecnolog\u00edas de la Informaci\u00f3n.Los perfiles solicitados son [&hellip;]<\/p>\n","protected":false},"author":6,"featured_media":1109,"comment_status":"closed","ping_status":"closed","sticky":false,"template":"","format":"standard","meta":[],"categories":[7],"tags":[],"_links":{"self":[{"href":"https:\/\/www.facet.unt.edu.ar\/sbe\/wp-json\/wp\/v2\/posts\/1319"}],"collection":[{"href":"https:\/\/www.facet.unt.edu.ar\/sbe\/wp-json\/wp\/v2\/posts"}],"about":[{"href":"https:\/\/www.facet.unt.edu.ar\/sbe\/wp-json\/wp\/v2\/types\/post"}],"author":[{"embeddable":true,"href":"https:\/\/www.facet.unt.edu.ar\/sbe\/wp-json\/wp\/v2\/users\/6"}],"replies":[{"embeddable":true,"href":"https:\/\/www.facet.unt.edu.ar\/sbe\/wp-json\/wp\/v2\/comments?post=1319"}],"version-history":[{"count":2,"href":"https:\/\/www.facet.unt.edu.ar\/sbe\/wp-json\/wp\/v2\/posts\/1319\/revisions"}],"predecessor-version":[{"id":1321,"href":"https:\/\/www.facet.unt.edu.ar\/sbe\/wp-json\/wp\/v2\/posts\/1319\/revisions\/1321"}],"wp:featuredmedia":[{"embeddable":true,"href":"https:\/\/www.facet.unt.edu.ar\/sbe\/wp-json\/wp\/v2\/media\/1109"}],"wp:attachment":[{"href":"https:\/\/www.facet.unt.edu.ar\/sbe\/wp-json\/wp\/v2\/media?parent=1319"}],"wp:term":[{"taxonomy":"category","embeddable":true,"href":"https:\/\/www.facet.unt.edu.ar\/sbe\/wp-json\/wp\/v2\/categories?post=1319"},{"taxonomy":"post_tag","embeddable":true,"href":"https:\/\/www.facet.unt.edu.ar\/sbe\/wp-json\/wp\/v2\/tags?post=1319"}],"curies":[{"name":"wp","href":"https:\/\/api.w.org\/{rel}","templated":true}]}}