{"id":1346,"date":"2022-08-18T21:16:24","date_gmt":"2022-08-19T00:16:24","guid":{"rendered":"https:\/\/www.facet.unt.edu.ar\/sbe\/?p=1346"},"modified":"2022-08-18T21:16:43","modified_gmt":"2022-08-19T00:16:43","slug":"inscripcion-a-mesa-especial-de-septiembre-a-traves-del-siu-guarani","status":"publish","type":"post","link":"https:\/\/www.facet.unt.edu.ar\/sbe\/2022\/08\/18\/inscripcion-a-mesa-especial-de-septiembre-a-traves-del-siu-guarani\/","title":{"rendered":"Inscripci\u00f3n a Mesa Especial de Septiembre a trav\u00e9s del SIU GUARAN\u00cd"},"content":{"rendered":"<div id=\"pl-1346\"  class=\"panel-layout\" ><div id=\"pg-1346-0\"  class=\"panel-grid panel-no-style\" ><div id=\"pgc-1346-0-0\"  class=\"panel-grid-cell\" ><div id=\"panel-1346-0-0-0\" class=\"so-panel widget widget_black-studio-tinymce widget_black_studio_tinymce panel-first-child panel-last-child\" data-index=\"0\" ><div class=\"textwidget\"><p><img class=\"aligncenter size-full wp-image-1347\" src=\"https:\/\/www.facet.unt.edu.ar\/sbe\/wp-content\/uploads\/sites\/77\/2022\/08\/Comunicado-Direccion-Alumnos-Mesa-Especial.png\" alt=\"\" width=\"1300\" height=\"1300\" \/><\/p>\n<\/div><\/div><\/div><div id=\"pgc-1346-0-1\"  class=\"panel-grid-cell\" ><div id=\"panel-1346-0-1-0\" class=\"so-panel widget widget_sow-editor panel-first-child panel-last-child\" data-index=\"1\" ><div\n\t\t\t\n\t\t\tclass=\"so-widget-sow-editor so-widget-sow-editor-base\"\n\t\t\t\n\t\t>\n<div class=\"siteorigin-widget-tinymce textwidget\">\n\t<p style=\"text-align: justify;\">Direcci\u00f3n Alumnos de la FACET informa a los alumnos que habilitar\u00e1 el sistema SIU GUARAN\u00cd para la inscripci\u00f3n a la Mesa Especial de Septiembre desde el viernes 19 de agosto, a partir de las 8:00 hs, y hasta el mi\u00e9rcoles 31 de agosto, a las 8:00 hs.<\/p>\n<p style=\"text-align: justify;\">Adem\u00e1s, informa que las actas se van a generar para el d\u00eda 05\/09\/22.<\/p>\n<p style=\"text-align: justify;\"><span style=\"text-decoration: underline;\">Importante<\/span>: seg\u00fan Resoluci\u00f3n CD N\u00b0 0647\/22: \u201cel alumno al tercer ausente en la mesa especial, no podr\u00e1 solicitar una nueva mesa especial en la misma asignatura en el mismo per\u00edodo lectivo\u201d.<\/p>\n<\/div>\n<\/div><\/div><\/div><\/div><\/div>","protected":false},"excerpt":{"rendered":"<p>Direcci\u00f3n Alumnos de la FACET informa a los alumnos que habilitar\u00e1 el sistema SIU GUARAN\u00cd para la inscripci\u00f3n a la Mesa Especial de Septiembre desde el viernes 19 de agosto, a partir de las 8:00 hs, y hasta el mi\u00e9rcoles 31 de agosto, a las 8:00 hs.Adem\u00e1s, informa que las actas se van a generar [&hellip;]<\/p>\n","protected":false},"author":6,"featured_media":1347,"comment_status":"closed","ping_status":"closed","sticky":false,"template":"","format":"standard","meta":[],"categories":[5,4],"tags":[],"_links":{"self":[{"href":"https:\/\/www.facet.unt.edu.ar\/sbe\/wp-json\/wp\/v2\/posts\/1346"}],"collection":[{"href":"https:\/\/www.facet.unt.edu.ar\/sbe\/wp-json\/wp\/v2\/posts"}],"about":[{"href":"https:\/\/www.facet.unt.edu.ar\/sbe\/wp-json\/wp\/v2\/types\/post"}],"author":[{"embeddable":true,"href":"https:\/\/www.facet.unt.edu.ar\/sbe\/wp-json\/wp\/v2\/users\/6"}],"replies":[{"embeddable":true,"href":"https:\/\/www.facet.unt.edu.ar\/sbe\/wp-json\/wp\/v2\/comments?post=1346"}],"version-history":[{"count":3,"href":"https:\/\/www.facet.unt.edu.ar\/sbe\/wp-json\/wp\/v2\/posts\/1346\/revisions"}],"predecessor-version":[{"id":1350,"href":"https:\/\/www.facet.unt.edu.ar\/sbe\/wp-json\/wp\/v2\/posts\/1346\/revisions\/1350"}],"wp:featuredmedia":[{"embeddable":true,"href":"https:\/\/www.facet.unt.edu.ar\/sbe\/wp-json\/wp\/v2\/media\/1347"}],"wp:attachment":[{"href":"https:\/\/www.facet.unt.edu.ar\/sbe\/wp-json\/wp\/v2\/media?parent=1346"}],"wp:term":[{"taxonomy":"category","embeddable":true,"href":"https:\/\/www.facet.unt.edu.ar\/sbe\/wp-json\/wp\/v2\/categories?post=1346"},{"taxonomy":"post_tag","embeddable":true,"href":"https:\/\/www.facet.unt.edu.ar\/sbe\/wp-json\/wp\/v2\/tags?post=1346"}],"curies":[{"name":"wp","href":"https:\/\/api.w.org\/{rel}","templated":true}]}}