{"id":1548,"date":"2022-09-21T22:38:08","date_gmt":"2022-09-22T01:38:08","guid":{"rendered":"https:\/\/www.facet.unt.edu.ar\/sbe\/?p=1548"},"modified":"2022-09-21T22:38:09","modified_gmt":"2022-09-22T01:38:09","slug":"busqueda-de-estudiante-de-electronica-o-electrica-para-pps-calsa-s-a-cierre-de-convocatoria-25-09","status":"publish","type":"post","link":"https:\/\/www.facet.unt.edu.ar\/sbe\/2022\/09\/21\/busqueda-de-estudiante-de-electronica-o-electrica-para-pps-calsa-s-a-cierre-de-convocatoria-25-09\/","title":{"rendered":"B\u00fasqueda de Estudiante de Electr\u00f3nica o El\u00e9ctrica para PPS \u2013 CALSA S.A. | Cierre de Convocatoria: 25\/09"},"content":{"rendered":"<div id=\"pl-1548\"  class=\"panel-layout\"><div id=\"pg-1548-0\"  class=\"panel-grid panel-no-style\"><div id=\"pgc-1548-0-0\"  class=\"panel-grid-cell\"><div id=\"panel-1548-0-0-0\" class=\"so-panel widget widget_black-studio-tinymce widget_black_studio_tinymce panel-first-child panel-last-child\" data-index=\"0\"><div class=\"textwidget\"><p><img class=\"aligncenter size-full wp-image-1549\" src=\"https:\/\/www.facet.unt.edu.ar\/sbe\/wp-content\/uploads\/sites\/77\/2022\/09\/PPS-CALSA-Ingenieria-y-Mantenimiento.png\" alt=\"\" width=\"1300\" height=\"1300\" \/><\/p>\n<\/div><\/div><\/div><div id=\"pgc-1548-0-1\"  class=\"panel-grid-cell\"><div id=\"panel-1548-0-1-0\" class=\"so-panel widget widget_sow-editor panel-first-child panel-last-child\" data-index=\"1\"><div\n\t\t\t\n\t\t\tclass=\"so-widget-sow-editor so-widget-sow-editor-base\">\n<div class=\"siteorigin-widget-tinymce textwidget\">\n\t<p style=\"text-align: justify;\">CALSA S.A., busca incorporar estudiante avanzado\/a de las carreras de Ingenier\u00eda Electr\u00f3nica o Ingenier\u00eda El\u00e9ctrica de la FACET, para su programa de pasant\u00edas no rentadas.<\/p>\n<p style=\"text-align: justify;\">\u00c1REA DE TRABAJO: Ingenier\u00eda y Mantenimiento<\/p>\n<p style=\"text-align: justify;\">REQUISITO Y\/O CONOCIMIENTO\/S: Estudiante avanzado\/a de las carreras de Ingenier\u00eda Electr\u00f3nica o Ingenier\u00eda El\u00e9ctrica de la FACET, con conocimientos avanzados en Autocad \u2013 conocimiento de REDES BT.<\/p>\n<p style=\"text-align: justify;\">DESCRIPCI\u00d3N DE TAREA\/S Y\/O RESPONSABILIDAD\/ES:<br \/>\u2022 Relevamiento de Instalaciones de MT y BT de planta. Revisi\u00f3n de planos.<br \/>\u2022 Armado de Matriz \u00f3ptima de consumo y Matriz de contingencia por restricci\u00f3n energ\u00e9tica<br \/>\u2022 Seguimiento de Buenas pr\u00e1cticas de Consumo de EE a nivel mundial<br \/>\u2022 Desarrollo de Ingenier\u00eda para mejora de la Instalaci\u00f3n - Factor de Potencia<br \/>\u2022 Optimizaci\u00f3n del plan de mantenimiento predictivo por termograf\u00eda<br \/>\u2022 Optimizaci\u00f3n del plan de Mantenimiento Preventivo de la instalaci\u00f3n de MT y BT Transformadores y celdas.<br \/>\u2022 Relevamiento e Identificaci\u00f3n de repuestos cr\u00edticos de \u00c1rea El\u00e9ctrica<br \/>\u2022 Estudio de corriente de corto circuito de BT, especificaci\u00f3n de protecciones y filiaci\u00f3n de las mismas.<\/p><\/div><\/div><\/div><\/div><\/div><\/div><p><a class=\"more-link\" href=\"https:\/\/www.facet.unt.edu.ar\/sbe\/2022\/09\/21\/busqueda-de-estudiante-de-electronica-o-electrica-para-pps-calsa-s-a-cierre-de-convocatoria-25-09\/\">Leer m\u00e1s<span class=\"meta-nav\">&rarr;<\/span><\/a><\/p>","protected":false},"excerpt":{"rendered":"<p>CALSA S.A., busca incorporar estudiante avanzado\/a de las carreras de Ingenier\u00eda Electr\u00f3nica o Ingenier\u00eda El\u00e9ctrica de la FACET, para su programa de pasant\u00edas no rentadas.\u00c1REA DE TRABAJO: Ingenier\u00eda y MantenimientoREQUISITO Y\/O CONOCIMIENTO\/S: Estudiante avanzado\/a de las carreras de Ingenier\u00eda Electr\u00f3nica o Ingenier\u00eda El\u00e9ctrica de la FACET, con conocimientos avanzados en Autocad \u2013 conocimiento de REDES [&hellip;]<\/p>\n","protected":false},"author":6,"featured_media":1549,"comment_status":"closed","ping_status":"closed","sticky":false,"template":"","format":"standard","meta":[],"categories":[7],"tags":[],"_links":{"self":[{"href":"https:\/\/www.facet.unt.edu.ar\/sbe\/wp-json\/wp\/v2\/posts\/1548"}],"collection":[{"href":"https:\/\/www.facet.unt.edu.ar\/sbe\/wp-json\/wp\/v2\/posts"}],"about":[{"href":"https:\/\/www.facet.unt.edu.ar\/sbe\/wp-json\/wp\/v2\/types\/post"}],"author":[{"embeddable":true,"href":"https:\/\/www.facet.unt.edu.ar\/sbe\/wp-json\/wp\/v2\/users\/6"}],"replies":[{"embeddable":true,"href":"https:\/\/www.facet.unt.edu.ar\/sbe\/wp-json\/wp\/v2\/comments?post=1548"}],"version-history":[{"count":2,"href":"https:\/\/www.facet.unt.edu.ar\/sbe\/wp-json\/wp\/v2\/posts\/1548\/revisions"}],"predecessor-version":[{"id":1551,"href":"https:\/\/www.facet.unt.edu.ar\/sbe\/wp-json\/wp\/v2\/posts\/1548\/revisions\/1551"}],"wp:featuredmedia":[{"embeddable":true,"href":"https:\/\/www.facet.unt.edu.ar\/sbe\/wp-json\/wp\/v2\/media\/1549"}],"wp:attachment":[{"href":"https:\/\/www.facet.unt.edu.ar\/sbe\/wp-json\/wp\/v2\/media?parent=1548"}],"wp:term":[{"taxonomy":"category","embeddable":true,"href":"https:\/\/www.facet.unt.edu.ar\/sbe\/wp-json\/wp\/v2\/categories?post=1548"},{"taxonomy":"post_tag","embeddable":true,"href":"https:\/\/www.facet.unt.edu.ar\/sbe\/wp-json\/wp\/v2\/tags?post=1548"}],"curies":[{"name":"wp","href":"https:\/\/api.w.org\/{rel}","templated":true}]}}