{"id":1615,"date":"2022-10-11T15:39:10","date_gmt":"2022-10-11T18:39:10","guid":{"rendered":"https:\/\/www.facet.unt.edu.ar\/sbe\/?p=1615"},"modified":"2022-10-12T15:53:26","modified_gmt":"2022-10-12T18:53:26","slug":"muestra-exactas-para-todos-nuevas-fechas-19-20-y-21-10","status":"publish","type":"post","link":"https:\/\/www.facet.unt.edu.ar\/sbe\/2022\/10\/11\/muestra-exactas-para-todos-nuevas-fechas-19-20-y-21-10\/","title":{"rendered":"Muestra \u201cExactas para Todos 2022\u201d &#8211; Nuevas fechas: 19, 20 y 21\/10"},"content":{"rendered":"<div id=\"pl-1615\"  class=\"panel-layout\" ><div id=\"pg-1615-0\"  class=\"panel-grid panel-no-style\" ><div id=\"pgc-1615-0-0\"  class=\"panel-grid-cell\" ><div id=\"panel-1615-0-0-0\" class=\"so-panel widget widget_black-studio-tinymce widget_black_studio_tinymce panel-first-child panel-last-child\" data-index=\"0\" ><div class=\"textwidget\"><p><img class=\"aligncenter size-full wp-image-1616\" src=\"https:\/\/www.facet.unt.edu.ar\/sbe\/wp-content\/uploads\/sites\/77\/2022\/10\/EPT-2022-19-20-Y-21-OCTUBRE.jpeg\" alt=\"\" width=\"1280\" height=\"1280\" \/><\/p>\n<\/div><\/div><\/div><div id=\"pgc-1615-0-1\"  class=\"panel-grid-cell\" ><div id=\"panel-1615-0-1-0\" class=\"so-panel widget widget_sow-editor panel-first-child panel-last-child\" data-index=\"1\" ><div\n\t\t\t\n\t\t\tclass=\"so-widget-sow-editor so-widget-sow-editor-base\"\n\t\t\t\n\t\t>\n<div class=\"siteorigin-widget-tinymce textwidget\">\n\t<p style=\"text-align: justify;\">Se informa a toda la comunidad que debido al paro de colectivos, decretado por UTA, la muestra de la oferta acad\u00e9mica \"Exactas para Todos\" se reprograma para los d\u00edas 19, 20 y 21 de octubre:<\/p>\n<p style=\"text-align: justify;\">\u2022 Mi\u00e9rcoles 19 de octubre: de 9 a 13 y de 14 a 18 hs<br \/>\u2022 Jueves 20 de octubre: de 9 a 13 y de 14 a 18 hs<br \/>\u2022 Viernes 21 de octubre: de 9 a 13 hs<\/p>\n<p style=\"text-align: justify;\">Pedimos las disculpas correspondientes debido a que por razones externas se tuvo que reprogramar las fechas de dicho evento.<\/p>\n<p style=\"text-align: justify;\">De igual manera, instamos a toda la comunidad educativa a que puedan asistir a este importante evento en instalaciones de esta unidad acad\u00e9mica, sito en Av. Independencia 1800, Block 3, FACET.<\/p>\n<p style=\"text-align: justify;\">Les recordamos que este evento es para todos aquellos alumnos que finalizaron o esten en los \u00faltimos a\u00f1os de las escuelas secundarias, como p\u00fablico en general.<\/p>\n<p style=\"text-align: justify;\">Ven\u00ed a conocer las 20 carreras que te ofrece nuestra facultad. \u00a1Te esperamos!<\/p>\n<p style=\"text-align: justify;\">M\u00e1s informaci\u00f3n en: <a href=\"https:\/\/www.facet.unt.edu.ar\/sbe\/muestra-exactas-para-todos-2022\/\" target=\"_blank\" rel=\"noopener\">https:\/\/www.facet.unt.edu.ar\/sbe\/muestra-exactas-para-todos-2022\/<\/a><\/p>\n<\/div>\n<\/div><\/div><\/div><\/div><\/div>","protected":false},"excerpt":{"rendered":"<p>Se informa a toda la comunidad que debido al paro de colectivos, decretado por UTA, la muestra de la oferta acad\u00e9mica &#8220;Exactas para Todos&#8221; se reprograma para los d\u00edas 19, 20 y 21 de octubre:\u2022 Mi\u00e9rcoles 19 de octubre: de 9 a 13 y de 14 a 18 hs\u2022 Jueves 20 de octubre: de 9 [&hellip;]<\/p>\n","protected":false},"author":6,"featured_media":1616,"comment_status":"closed","ping_status":"closed","sticky":false,"template":"","format":"standard","meta":[],"categories":[4],"tags":[],"_links":{"self":[{"href":"https:\/\/www.facet.unt.edu.ar\/sbe\/wp-json\/wp\/v2\/posts\/1615"}],"collection":[{"href":"https:\/\/www.facet.unt.edu.ar\/sbe\/wp-json\/wp\/v2\/posts"}],"about":[{"href":"https:\/\/www.facet.unt.edu.ar\/sbe\/wp-json\/wp\/v2\/types\/post"}],"author":[{"embeddable":true,"href":"https:\/\/www.facet.unt.edu.ar\/sbe\/wp-json\/wp\/v2\/users\/6"}],"replies":[{"embeddable":true,"href":"https:\/\/www.facet.unt.edu.ar\/sbe\/wp-json\/wp\/v2\/comments?post=1615"}],"version-history":[{"count":4,"href":"https:\/\/www.facet.unt.edu.ar\/sbe\/wp-json\/wp\/v2\/posts\/1615\/revisions"}],"predecessor-version":[{"id":1618,"href":"https:\/\/www.facet.unt.edu.ar\/sbe\/wp-json\/wp\/v2\/posts\/1615\/revisions\/1618"}],"wp:featuredmedia":[{"embeddable":true,"href":"https:\/\/www.facet.unt.edu.ar\/sbe\/wp-json\/wp\/v2\/media\/1616"}],"wp:attachment":[{"href":"https:\/\/www.facet.unt.edu.ar\/sbe\/wp-json\/wp\/v2\/media?parent=1615"}],"wp:term":[{"taxonomy":"category","embeddable":true,"href":"https:\/\/www.facet.unt.edu.ar\/sbe\/wp-json\/wp\/v2\/categories?post=1615"},{"taxonomy":"post_tag","embeddable":true,"href":"https:\/\/www.facet.unt.edu.ar\/sbe\/wp-json\/wp\/v2\/tags?post=1615"}],"curies":[{"name":"wp","href":"https:\/\/api.w.org\/{rel}","templated":true}]}}