{"id":1900,"date":"2022-10-24T11:57:24","date_gmt":"2022-10-24T14:57:24","guid":{"rendered":"https:\/\/www.facet.unt.edu.ar\/sbe\/?p=1900"},"modified":"2022-10-25T12:14:59","modified_gmt":"2022-10-25T15:14:59","slug":"invitacion-a-defensa-de-proyecto-de-graduacion-para-acceder-al-titulo-de-ingeniera-biomedica-2","status":"publish","type":"post","link":"https:\/\/www.facet.unt.edu.ar\/sbe\/2022\/10\/24\/invitacion-a-defensa-de-proyecto-de-graduacion-para-acceder-al-titulo-de-ingeniera-biomedica-2\/","title":{"rendered":"Invitaci\u00f3n a Defensa de Proyecto de Graduaci\u00f3n para acceder al t\u00edtulo de Ingeniera Biom\u00e9dica"},"content":{"rendered":"<div id=\"pl-1900\"  class=\"panel-layout\" ><div id=\"pg-1900-0\"  class=\"panel-grid panel-no-style\" ><div id=\"pgc-1900-0-0\"  class=\"panel-grid-cell\" ><div id=\"panel-1900-0-0-0\" class=\"so-panel widget widget_black-studio-tinymce widget_black_studio_tinymce panel-first-child panel-last-child\" data-index=\"0\" ><div class=\"textwidget\"><p><img class=\"aligncenter size-full wp-image-1901\" src=\"https:\/\/www.facet.unt.edu.ar\/sbe\/wp-content\/uploads\/sites\/77\/2022\/10\/DEFENSA-DE-BIOMEDICA-28-10.png\" alt=\"\" width=\"1300\" height=\"1300\" \/><\/p>\n<\/div><\/div><\/div><div id=\"pgc-1900-0-1\"  class=\"panel-grid-cell\" ><div id=\"panel-1900-0-1-0\" class=\"so-panel widget widget_sow-editor panel-first-child panel-last-child\" data-index=\"1\" ><div\n\t\t\t\n\t\t\tclass=\"so-widget-sow-editor so-widget-sow-editor-base\"\n\t\t\t\n\t\t>\n<div class=\"siteorigin-widget-tinymce textwidget\">\n\t<p style=\"text-align: justify;\">Se invita a la comunidad universitaria a participar de la Defensa del Proyecto de Graduaci\u00f3n de la alumna <strong>Andrea Hongn<\/strong>, titulado <strong><em>\u201cGesti\u00f3n de la calidad y el riesgo para el control de la contaminaci\u00f3n ac\u00fastica en unidades de cuidados intensivos\u201d<\/em><\/strong>, para obtener el t\u00edtulo de grado de Ingeniera Biom\u00e9dica, FACET \u2013 UNT.<\/p>\n<p style=\"text-align: justify;\">El proyecto final estuvo bajo la tutor\u00eda de la <strong>Esp. Ing. Lucila Figueroa Gallo<\/strong> y de la co-tutor\u00eda del<strong> Ing. Marcelo V\u00e1zquez<\/strong>.<\/p>\n<p style=\"text-align: justify;\">El acto acad\u00e9mico se llevar\u00e1 a cabo este <strong>viernes 28 de octubre<\/strong>, a las <strong>16:00 hs<\/strong>, en el <strong>Aula de Bioingenier\u00eda<\/strong> (Block 1, 4\u00b0 Piso) - FACET \u2013 UNT. Tambi\u00e9n se transmitir\u00e1 por Google Meet: <a href=\"https:\/\/meet.google.com\/hke-imdh-boi\" target=\"_blank\" rel=\"noopener\">https:\/\/meet.google.com\/hke-imdh-boi<\/a><\/p>\n<p style=\"text-align: justify;\">El tribunal examinador estar\u00e1 conformado por: <strong>Mg. Ing. Juan Manual Olivera<\/strong>; <strong>Dr. Fernando Farf\u00e1n<\/strong> e<strong> Ing. Fernanda Lencina.<\/strong><\/p>\n<\/div>\n<\/div><\/div><\/div><\/div><\/div>","protected":false},"excerpt":{"rendered":"<p>Se invita a la comunidad universitaria a participar de la Defensa del Proyecto de Graduaci\u00f3n de la alumna Andrea Hongn, titulado \u201cGesti\u00f3n de la calidad y el riesgo para el control de la contaminaci\u00f3n ac\u00fastica en unidades de cuidados intensivos\u201d, para obtener el t\u00edtulo de grado de Ingeniera Biom\u00e9dica, FACET \u2013 UNT.El proyecto final estuvo [&hellip;]<\/p>\n","protected":false},"author":6,"featured_media":1901,"comment_status":"closed","ping_status":"closed","sticky":false,"template":"","format":"standard","meta":[],"categories":[4],"tags":[],"_links":{"self":[{"href":"https:\/\/www.facet.unt.edu.ar\/sbe\/wp-json\/wp\/v2\/posts\/1900"}],"collection":[{"href":"https:\/\/www.facet.unt.edu.ar\/sbe\/wp-json\/wp\/v2\/posts"}],"about":[{"href":"https:\/\/www.facet.unt.edu.ar\/sbe\/wp-json\/wp\/v2\/types\/post"}],"author":[{"embeddable":true,"href":"https:\/\/www.facet.unt.edu.ar\/sbe\/wp-json\/wp\/v2\/users\/6"}],"replies":[{"embeddable":true,"href":"https:\/\/www.facet.unt.edu.ar\/sbe\/wp-json\/wp\/v2\/comments?post=1900"}],"version-history":[{"count":2,"href":"https:\/\/www.facet.unt.edu.ar\/sbe\/wp-json\/wp\/v2\/posts\/1900\/revisions"}],"predecessor-version":[{"id":1903,"href":"https:\/\/www.facet.unt.edu.ar\/sbe\/wp-json\/wp\/v2\/posts\/1900\/revisions\/1903"}],"wp:featuredmedia":[{"embeddable":true,"href":"https:\/\/www.facet.unt.edu.ar\/sbe\/wp-json\/wp\/v2\/media\/1901"}],"wp:attachment":[{"href":"https:\/\/www.facet.unt.edu.ar\/sbe\/wp-json\/wp\/v2\/media?parent=1900"}],"wp:term":[{"taxonomy":"category","embeddable":true,"href":"https:\/\/www.facet.unt.edu.ar\/sbe\/wp-json\/wp\/v2\/categories?post=1900"},{"taxonomy":"post_tag","embeddable":true,"href":"https:\/\/www.facet.unt.edu.ar\/sbe\/wp-json\/wp\/v2\/tags?post=1900"}],"curies":[{"name":"wp","href":"https:\/\/api.w.org\/{rel}","templated":true}]}}