{"id":192,"date":"2021-10-19T12:32:40","date_gmt":"2021-10-19T12:32:40","guid":{"rendered":"https:\/\/www.facet.unt.edu.ar\/sbe\/?p=192"},"modified":"2021-11-12T20:56:48","modified_gmt":"2021-11-12T20:56:48","slug":"busqueda-de-pasantes-ministerio-de-educacion","status":"publish","type":"post","link":"https:\/\/www.facet.unt.edu.ar\/sbe\/2021\/10\/19\/busqueda-de-pasantes-ministerio-de-educacion\/","title":{"rendered":"B\u00fasqueda de Pasantes \u2013 Ministerio de Educaci\u00f3n"},"content":{"rendered":"<div id=\"pl-192\"  class=\"panel-layout\"><div id=\"pg-192-0\"  class=\"panel-grid panel-no-style\"><div id=\"pgc-192-0-0\"  class=\"panel-grid-cell\"><div id=\"panel-192-0-0-0\" class=\"so-panel widget widget_black-studio-tinymce widget_black_studio_tinymce panel-first-child panel-last-child\" data-index=\"0\"><div class=\"textwidget\"><p><img class=\"aligncenter size-full wp-image-178\" src=\"https:\/\/www.facet.unt.edu.ar\/sbe\/wp-content\/uploads\/sites\/77\/2021\/10\/PASANTIA-ESTUDIANTIL-ABRIL-2021.png\" alt=\"\" width=\"1200\" height=\"1200\" \/><\/p>\n<\/div><\/div><\/div><div id=\"pgc-192-0-1\"  class=\"panel-grid-cell\"><div id=\"panel-192-0-1-0\" class=\"so-panel widget widget_sow-editor panel-first-child panel-last-child\" data-index=\"1\"><div\n\t\t\t\n\t\t\tclass=\"so-widget-sow-editor so-widget-sow-editor-base\">\n<div class=\"siteorigin-widget-tinymce textwidget\">\n\t<div class=\"o9v6fnle cxmmr5t8 oygrvhab hcukyx3x c1et5uql ii04i59q\">\n<div dir=\"auto\" style=\"text-align: justify;\">El Ministerio de Educaci\u00f3n de la Provincia de Tucum\u00e1n, se encuentra en la b\u00fasqueda de 2 alumnos\/as de la carrera de Ingenier\u00eda en Computaci\u00f3n y 2 alumnos\/as de la carrera de Licenciatura en Inform\u00e1tica de la FACET, para realizar una pasant\u00eda en el proyecto sistematizaci\u00f3n de relevamientos llevados adelante por el Ministerio.<\/div>\n<div dir=\"auto\">\u00a0<\/div>\n<div dir=\"auto\"><span style=\"text-align: justify;\">Los conocimientos de los alumnos\/as son necesarios para aportar en dise\u00f1o de sistemas y procesamiento de datos.<\/span><\/div>\n<div dir=\"auto\">\u00a0<\/div>\n<\/div>\n<p><\/p><\/div><\/div><\/div><\/div><\/div><\/div><p><a class=\"more-link\" href=\"https:\/\/www.facet.unt.edu.ar\/sbe\/2021\/10\/19\/busqueda-de-pasantes-ministerio-de-educacion\/\">Leer m\u00e1s<span class=\"meta-nav\">&rarr;<\/span><\/a><\/p>","protected":false},"excerpt":{"rendered":"<p>El Ministerio de Educaci\u00f3n de la Provincia de Tucum\u00e1n, se encuentra en la b\u00fasqueda de 2 alumnos\/as de la carrera de Ingenier\u00eda en Computaci\u00f3n y 2 alumnos\/as de la carrera de Licenciatura en Inform\u00e1tica de la FACET, para realizar una pasant\u00eda en el proyecto sistematizaci\u00f3n de relevamientos llevados adelante por el Ministerio.\u00a0Los conocimientos de los [&hellip;]<\/p>\n","protected":false},"author":6,"featured_media":0,"comment_status":"closed","ping_status":"closed","sticky":false,"template":"","format":"standard","meta":[],"categories":[7],"tags":[],"_links":{"self":[{"href":"https:\/\/www.facet.unt.edu.ar\/sbe\/wp-json\/wp\/v2\/posts\/192"}],"collection":[{"href":"https:\/\/www.facet.unt.edu.ar\/sbe\/wp-json\/wp\/v2\/posts"}],"about":[{"href":"https:\/\/www.facet.unt.edu.ar\/sbe\/wp-json\/wp\/v2\/types\/post"}],"author":[{"embeddable":true,"href":"https:\/\/www.facet.unt.edu.ar\/sbe\/wp-json\/wp\/v2\/users\/6"}],"replies":[{"embeddable":true,"href":"https:\/\/www.facet.unt.edu.ar\/sbe\/wp-json\/wp\/v2\/comments?post=192"}],"version-history":[{"count":4,"href":"https:\/\/www.facet.unt.edu.ar\/sbe\/wp-json\/wp\/v2\/posts\/192\/revisions"}],"predecessor-version":[{"id":347,"href":"https:\/\/www.facet.unt.edu.ar\/sbe\/wp-json\/wp\/v2\/posts\/192\/revisions\/347"}],"wp:attachment":[{"href":"https:\/\/www.facet.unt.edu.ar\/sbe\/wp-json\/wp\/v2\/media?parent=192"}],"wp:term":[{"taxonomy":"category","embeddable":true,"href":"https:\/\/www.facet.unt.edu.ar\/sbe\/wp-json\/wp\/v2\/categories?post=192"},{"taxonomy":"post_tag","embeddable":true,"href":"https:\/\/www.facet.unt.edu.ar\/sbe\/wp-json\/wp\/v2\/tags?post=192"}],"curies":[{"name":"wp","href":"https:\/\/api.w.org\/{rel}","templated":true}]}}