{"id":1928,"date":"2022-10-26T11:14:06","date_gmt":"2022-10-26T14:14:06","guid":{"rendered":"https:\/\/www.facet.unt.edu.ar\/sbe\/?p=1928"},"modified":"2022-10-26T13:27:05","modified_gmt":"2022-10-26T16:27:05","slug":"busqueda-de-pasantes-electrica-o-electronica-edet-s-a-cierre-de-convocatoria-04-11","status":"publish","type":"post","link":"https:\/\/www.facet.unt.edu.ar\/sbe\/2022\/10\/26\/busqueda-de-pasantes-electrica-o-electronica-edet-s-a-cierre-de-convocatoria-04-11\/","title":{"rendered":"B\u00fasqueda de Pasantes El\u00e9ctrica o Electr\u00f3nica EDET S.A. | Cierre de Convocatoria: 04\/11"},"content":{"rendered":"<div id=\"pl-1928\"  class=\"panel-layout\" ><div id=\"pg-1928-0\"  class=\"panel-grid panel-no-style\" ><div id=\"pgc-1928-0-0\"  class=\"panel-grid-cell\" ><div id=\"panel-1928-0-0-0\" class=\"so-panel widget widget_black-studio-tinymce widget_black_studio_tinymce panel-first-child panel-last-child\" data-index=\"0\" ><div class=\"textwidget\"><p><img class=\"aligncenter size-full wp-image-1026\" src=\"https:\/\/www.facet.unt.edu.ar\/sbe\/wp-content\/uploads\/sites\/77\/2022\/05\/PASANTIA-ESTUDIANTIAL-2022.png\" alt=\"\" width=\"1300\" height=\"1300\" \/><\/p>\n<\/div><\/div><\/div><div id=\"pgc-1928-0-1\"  class=\"panel-grid-cell\" ><div id=\"panel-1928-0-1-0\" class=\"so-panel widget widget_sow-editor panel-first-child panel-last-child\" data-index=\"1\" ><div\n\t\t\t\n\t\t\tclass=\"so-widget-sow-editor so-widget-sow-editor-base\"\n\t\t\t\n\t\t>\n<div class=\"siteorigin-widget-tinymce textwidget\">\n\t<p style=\"text-align: justify;\">EDET S.A. se encuentra en la b\u00fasqueda de alumnos\/as regulares de las carreras de <strong>Ingenier\u00eda El\u00e9ctrica<\/strong> o <strong>Electr\u00f3nica<\/strong> de la FACET para desempe\u00f1arse como pasantes, en la Administraci\u00f3n de Concepci\u00f3n.<\/p>\n<p style=\"text-align: justify;\"><strong>Requisitos y\/o Conocimientos<\/strong>:<\/p>\n<p style=\"text-align: justify;\">\u2022 Ser alumno\/a regular de las carreras de<strong> Ingenier\u00eda El\u00e9ctrica o Electr\u00f3n<\/strong>ica de la FACET.<br \/>\u2022 Grado de avance de la carrera: 70 %<br \/>\u2022 Tener entre 20 y 27 a\u00f1os.<br \/>\u2022 Conocimiento de herramientas inform\u00e1ticas (Ms Office)<\/p>\n<p style=\"text-align: justify;\">Los interesados deben enviar su CV hasta el <strong>04 de Noviembre de 2022<\/strong>, a <a href=\"mailto:sbe.facet@herrera.unt.edu.ar\" target=\"_blank\" rel=\"noopener\">sbe.facet@herrera.unt.edu.ar<\/a> destacando en el Asunto del mail \u201c<strong>EDET<\/strong>\u201d. Adjuntar el CV con el formato: DNI-NombreCompleto.doc \u00f3 DNI-NombreCompleto.pdf. Ejemplo: 12345678-MonicaGarcia.pdf<\/p>\n<p style=\"text-align: justify;\">IMPORTANTE: NO SE RECIBIR\u00c1N ARCHIVOS DE M\u00c1S DE 500 KB.<\/p>\n<p style=\"text-align: justify;\">\u00a0<\/p>\n<\/div>\n<\/div><\/div><\/div><\/div><\/div>","protected":false},"excerpt":{"rendered":"<p>EDET S.A. se encuentra en la b\u00fasqueda de alumnos\/as regulares de las carreras de Ingenier\u00eda El\u00e9ctrica o Electr\u00f3nica de la FACET para desempe\u00f1arse como pasantes, en la Administraci\u00f3n de Concepci\u00f3n.Requisitos y\/o Conocimientos:\u2022 Ser alumno\/a regular de las carreras de Ingenier\u00eda El\u00e9ctrica o Electr\u00f3nica de la FACET.\u2022 Grado de avance de la carrera: 70 %\u2022 Tener [&hellip;]<\/p>\n","protected":false},"author":6,"featured_media":1026,"comment_status":"closed","ping_status":"closed","sticky":false,"template":"","format":"standard","meta":[],"categories":[7],"tags":[],"_links":{"self":[{"href":"https:\/\/www.facet.unt.edu.ar\/sbe\/wp-json\/wp\/v2\/posts\/1928"}],"collection":[{"href":"https:\/\/www.facet.unt.edu.ar\/sbe\/wp-json\/wp\/v2\/posts"}],"about":[{"href":"https:\/\/www.facet.unt.edu.ar\/sbe\/wp-json\/wp\/v2\/types\/post"}],"author":[{"embeddable":true,"href":"https:\/\/www.facet.unt.edu.ar\/sbe\/wp-json\/wp\/v2\/users\/6"}],"replies":[{"embeddable":true,"href":"https:\/\/www.facet.unt.edu.ar\/sbe\/wp-json\/wp\/v2\/comments?post=1928"}],"version-history":[{"count":4,"href":"https:\/\/www.facet.unt.edu.ar\/sbe\/wp-json\/wp\/v2\/posts\/1928\/revisions"}],"predecessor-version":[{"id":1933,"href":"https:\/\/www.facet.unt.edu.ar\/sbe\/wp-json\/wp\/v2\/posts\/1928\/revisions\/1933"}],"wp:featuredmedia":[{"embeddable":true,"href":"https:\/\/www.facet.unt.edu.ar\/sbe\/wp-json\/wp\/v2\/media\/1026"}],"wp:attachment":[{"href":"https:\/\/www.facet.unt.edu.ar\/sbe\/wp-json\/wp\/v2\/media?parent=1928"}],"wp:term":[{"taxonomy":"category","embeddable":true,"href":"https:\/\/www.facet.unt.edu.ar\/sbe\/wp-json\/wp\/v2\/categories?post=1928"},{"taxonomy":"post_tag","embeddable":true,"href":"https:\/\/www.facet.unt.edu.ar\/sbe\/wp-json\/wp\/v2\/tags?post=1928"}],"curies":[{"name":"wp","href":"https:\/\/api.w.org\/{rel}","templated":true}]}}