{"id":2106,"date":"2023-02-16T13:16:03","date_gmt":"2023-02-16T16:16:03","guid":{"rendered":"https:\/\/www.facet.unt.edu.ar\/sbe\/?p=2106"},"modified":"2023-02-16T13:18:48","modified_gmt":"2023-02-16T16:18:48","slug":"convocatoria-abierta-para-becas-2023-programa-de-ingenieria-en-inteligencia-artificial-robotica-microelectronica-redes-de-comunicaciones-e-ingenieria-de-software","status":"publish","type":"post","link":"https:\/\/www.facet.unt.edu.ar\/sbe\/2023\/02\/16\/convocatoria-abierta-para-becas-2023-programa-de-ingenieria-en-inteligencia-artificial-robotica-microelectronica-redes-de-comunicaciones-e-ingenieria-de-software\/","title":{"rendered":"Convocatoria abierta para Becas 2023 | Programa de Ingenier\u00eda en Inteligencia Artificial, Rob\u00f3tica, Microelectr\u00f3nica, Redes de Comunicaciones e Ingenier\u00eda de Software"},"content":{"rendered":"<div id=\"pl-2106\"  class=\"panel-layout\"><div id=\"pg-2106-0\"  class=\"panel-grid panel-no-style\"><div id=\"pgc-2106-0-0\"  class=\"panel-grid-cell\"><div id=\"panel-2106-0-0-0\" class=\"so-panel widget widget_black-studio-tinymce widget_black_studio_tinymce panel-first-child panel-last-child\" data-index=\"0\"><div class=\"textwidget\"><p><img class=\"aligncenter size-full wp-image-2107\" src=\"https:\/\/www.facet.unt.edu.ar\/sbe\/wp-content\/uploads\/sites\/77\/2023\/02\/BECA-DE-GRADO-CONVOCATORIA.png\" alt=\"\" width=\"1300\" height=\"1300\" \/><\/p>\n<\/div><\/div><\/div><div id=\"pgc-2106-0-1\"  class=\"panel-grid-cell\"><div id=\"panel-2106-0-1-0\" class=\"so-panel widget widget_sow-editor panel-first-child panel-last-child\" data-index=\"1\"><div\n\t\t\t\n\t\t\tclass=\"so-widget-sow-editor so-widget-sow-editor-base\">\n<div class=\"siteorigin-widget-tinymce textwidget\">\n\t<p style=\"text-align: justify;\">Se informa a los estudiantes de las carreras de <strong>Ingenier\u00eda Electr\u00f3nica<\/strong>, <strong>Ingenier\u00eda en Computaci\u00f3n<\/strong>, Telecomunicaciones y carreras afines, que se encuentra abierto el llamado a concurso para cubrir becas para especializaci\u00f3n, realizaci\u00f3n de Tesis de Grado (o Proyecto Final) y\/o Pr\u00e1ctica Profesional Supervisada (PPS).<\/p>\n<p style=\"text-align: justify;\"><strong>Requisitos para Becas de Grado<\/strong>:<br \/>Estudiantes de grado con m\u00e1s de 10 materias aprobadas y promedio general mayor a siete (7).<\/p>\n<p style=\"text-align: justify;\"><strong>Modalidad<\/strong>:<br \/>El programa otorga a los beneficiarios un estipendio econ\u00f3mico y adem\u00e1s una capacitaci\u00f3n con reconocidos investigadores y especialistas de la industria en las \u00e1reas de inter\u00e9s que se mencionan a continuaci\u00f3n. La carga horaria destinada a las actividades del programa es de cuatro (4) horas semanales, totalmente compatible con las tareas acad\u00e9micas de los estudiantes. <\/p><\/div><\/div><\/div><\/div><\/div><\/div><p><a class=\"more-link\" href=\"https:\/\/www.facet.unt.edu.ar\/sbe\/2023\/02\/16\/convocatoria-abierta-para-becas-2023-programa-de-ingenieria-en-inteligencia-artificial-robotica-microelectronica-redes-de-comunicaciones-e-ingenieria-de-software\/\">Leer m\u00e1s<span class=\"meta-nav\">&rarr;<\/span><\/a><\/p>","protected":false},"excerpt":{"rendered":"<p>Se informa a los estudiantes de las carreras de Ingenier\u00eda Electr\u00f3nica, Ingenier\u00eda en Computaci\u00f3n, Telecomunicaciones y carreras afines, que se encuentra abierto el llamado a concurso para cubrir becas para especializaci\u00f3n, realizaci\u00f3n de Tesis de Grado (o Proyecto Final) y\/o Pr\u00e1ctica Profesional Supervisada (PPS).Requisitos para Becas de Grado:Estudiantes de grado con m\u00e1s de 10 materias [&hellip;]<\/p>\n","protected":false},"author":6,"featured_media":2107,"comment_status":"closed","ping_status":"closed","sticky":false,"template":"","format":"standard","meta":[],"categories":[9,4],"tags":[],"_links":{"self":[{"href":"https:\/\/www.facet.unt.edu.ar\/sbe\/wp-json\/wp\/v2\/posts\/2106"}],"collection":[{"href":"https:\/\/www.facet.unt.edu.ar\/sbe\/wp-json\/wp\/v2\/posts"}],"about":[{"href":"https:\/\/www.facet.unt.edu.ar\/sbe\/wp-json\/wp\/v2\/types\/post"}],"author":[{"embeddable":true,"href":"https:\/\/www.facet.unt.edu.ar\/sbe\/wp-json\/wp\/v2\/users\/6"}],"replies":[{"embeddable":true,"href":"https:\/\/www.facet.unt.edu.ar\/sbe\/wp-json\/wp\/v2\/comments?post=2106"}],"version-history":[{"count":3,"href":"https:\/\/www.facet.unt.edu.ar\/sbe\/wp-json\/wp\/v2\/posts\/2106\/revisions"}],"predecessor-version":[{"id":2110,"href":"https:\/\/www.facet.unt.edu.ar\/sbe\/wp-json\/wp\/v2\/posts\/2106\/revisions\/2110"}],"wp:featuredmedia":[{"embeddable":true,"href":"https:\/\/www.facet.unt.edu.ar\/sbe\/wp-json\/wp\/v2\/media\/2107"}],"wp:attachment":[{"href":"https:\/\/www.facet.unt.edu.ar\/sbe\/wp-json\/wp\/v2\/media?parent=2106"}],"wp:term":[{"taxonomy":"category","embeddable":true,"href":"https:\/\/www.facet.unt.edu.ar\/sbe\/wp-json\/wp\/v2\/categories?post=2106"},{"taxonomy":"post_tag","embeddable":true,"href":"https:\/\/www.facet.unt.edu.ar\/sbe\/wp-json\/wp\/v2\/tags?post=2106"}],"curies":[{"name":"wp","href":"https:\/\/api.w.org\/{rel}","templated":true}]}}