{"id":2157,"date":"2023-03-01T14:01:22","date_gmt":"2023-03-01T17:01:22","guid":{"rendered":"https:\/\/www.facet.unt.edu.ar\/sbe\/?p=2157"},"modified":"2023-03-01T14:01:24","modified_gmt":"2023-03-01T17:01:24","slug":"invitacion-defensa-de-tesis-de-licenciatura-en-fisica-02-03","status":"publish","type":"post","link":"https:\/\/www.facet.unt.edu.ar\/sbe\/2023\/03\/01\/invitacion-defensa-de-tesis-de-licenciatura-en-fisica-02-03\/","title":{"rendered":"Invitaci\u00f3n | Defensa de Tesis de Licenciatura en F\u00edsica: 02\/03"},"content":{"rendered":"<div id=\"pl-2157\"  class=\"panel-layout\"><div id=\"pg-2157-0\"  class=\"panel-grid panel-no-style\"><div id=\"pgc-2157-0-0\"  class=\"panel-grid-cell\"><div id=\"panel-2157-0-0-0\" class=\"so-panel widget widget_black-studio-tinymce widget_black_studio_tinymce panel-first-child panel-last-child\" data-index=\"0\"><div class=\"textwidget\"><p><img class=\"aligncenter size-full wp-image-2158\" src=\"https:\/\/www.facet.unt.edu.ar\/sbe\/wp-content\/uploads\/sites\/77\/2023\/03\/DEFENSA-DE-TESIS-DE-LIC-EN-FISICA-02-03-2023.jpg\" alt=\"\" width=\"1300\" height=\"1300\" \/><\/p>\n<\/div><\/div><\/div><div id=\"pgc-2157-0-1\"  class=\"panel-grid-cell\"><div id=\"panel-2157-0-1-0\" class=\"so-panel widget widget_sow-editor panel-first-child panel-last-child\" data-index=\"1\"><div\n\t\t\t\n\t\t\tclass=\"so-widget-sow-editor so-widget-sow-editor-base\">\n<div class=\"siteorigin-widget-tinymce textwidget\">\n\t<p style=\"text-align: justify;\">Se invita a la comunidad universitaria a participar de la Defensa de Tesis de la alumna Micaela Gandur, titulado \u201cEfectos de la Oscilaci\u00f3n Cuasi-Bienal estratosf\u00e9rica sobre la asociaci\u00f3n entre la Oscilaci\u00f3n del Atl\u00e1ntico Norte y la actividad geomagn\u00e9tica\u201d, para obtener el t\u00edtulo de grado de Licenciatura en F\u00edsica, FACET \u2013 UNT.<\/p>\n<p style=\"text-align: justify;\">La tesis estuvo bajo la direcci\u00f3n de la Dra. Ana G. Elias.<\/p>\n<p style=\"text-align: justify;\">El acto acad\u00e9mico se llevar\u00e1 a cabo el jueves 2 de marzo, 10:00 hs, en la Sala de Medios Audiovisuales (Block 3, 1er Piso), FACET \u2013 UNT. <\/p><\/div><\/div><\/div><\/div><\/div><\/div><p><a class=\"more-link\" href=\"https:\/\/www.facet.unt.edu.ar\/sbe\/2023\/03\/01\/invitacion-defensa-de-tesis-de-licenciatura-en-fisica-02-03\/\">Leer m\u00e1s<span class=\"meta-nav\">&rarr;<\/span><\/a><\/p>","protected":false},"excerpt":{"rendered":"<p>Se invita a la comunidad universitaria a participar de la Defensa de Tesis de la alumna Micaela Gandur, titulado \u201cEfectos de la Oscilaci\u00f3n Cuasi-Bienal estratosf\u00e9rica sobre la asociaci\u00f3n entre la Oscilaci\u00f3n del Atl\u00e1ntico Norte y la actividad geomagn\u00e9tica\u201d, para obtener el t\u00edtulo de grado de Licenciatura en F\u00edsica, FACET \u2013 UNT.La tesis estuvo bajo la [&hellip;]<\/p>\n","protected":false},"author":6,"featured_media":2158,"comment_status":"closed","ping_status":"closed","sticky":false,"template":"","format":"standard","meta":[],"categories":[4],"tags":[],"_links":{"self":[{"href":"https:\/\/www.facet.unt.edu.ar\/sbe\/wp-json\/wp\/v2\/posts\/2157"}],"collection":[{"href":"https:\/\/www.facet.unt.edu.ar\/sbe\/wp-json\/wp\/v2\/posts"}],"about":[{"href":"https:\/\/www.facet.unt.edu.ar\/sbe\/wp-json\/wp\/v2\/types\/post"}],"author":[{"embeddable":true,"href":"https:\/\/www.facet.unt.edu.ar\/sbe\/wp-json\/wp\/v2\/users\/6"}],"replies":[{"embeddable":true,"href":"https:\/\/www.facet.unt.edu.ar\/sbe\/wp-json\/wp\/v2\/comments?post=2157"}],"version-history":[{"count":1,"href":"https:\/\/www.facet.unt.edu.ar\/sbe\/wp-json\/wp\/v2\/posts\/2157\/revisions"}],"predecessor-version":[{"id":2159,"href":"https:\/\/www.facet.unt.edu.ar\/sbe\/wp-json\/wp\/v2\/posts\/2157\/revisions\/2159"}],"wp:featuredmedia":[{"embeddable":true,"href":"https:\/\/www.facet.unt.edu.ar\/sbe\/wp-json\/wp\/v2\/media\/2158"}],"wp:attachment":[{"href":"https:\/\/www.facet.unt.edu.ar\/sbe\/wp-json\/wp\/v2\/media?parent=2157"}],"wp:term":[{"taxonomy":"category","embeddable":true,"href":"https:\/\/www.facet.unt.edu.ar\/sbe\/wp-json\/wp\/v2\/categories?post=2157"},{"taxonomy":"post_tag","embeddable":true,"href":"https:\/\/www.facet.unt.edu.ar\/sbe\/wp-json\/wp\/v2\/tags?post=2157"}],"curies":[{"name":"wp","href":"https:\/\/api.w.org\/{rel}","templated":true}]}}