{"id":2279,"date":"2023-04-03T14:20:54","date_gmt":"2023-04-03T17:20:54","guid":{"rendered":"https:\/\/www.facet.unt.edu.ar\/sbe\/?p=2279"},"modified":"2023-04-03T14:20:55","modified_gmt":"2023-04-03T17:20:55","slug":"convocatoria-2023-becas-progresar-prorroga-de-fecha-de-cierre-de-inscripcion","status":"publish","type":"post","link":"https:\/\/www.facet.unt.edu.ar\/sbe\/2023\/04\/03\/convocatoria-2023-becas-progresar-prorroga-de-fecha-de-cierre-de-inscripcion\/","title":{"rendered":"Convocatoria 2023 | Becas Progresar \u2013 Pr\u00f3rroga de fecha de cierre de inscripci\u00f3n"},"content":{"rendered":"<div id=\"pl-2279\"  class=\"panel-layout\" ><div id=\"pg-2279-0\"  class=\"panel-grid panel-no-style\" ><div id=\"pgc-2279-0-0\"  class=\"panel-grid-cell\" ><div id=\"panel-2279-0-0-0\" class=\"so-panel widget widget_black-studio-tinymce widget_black_studio_tinymce panel-first-child panel-last-child\" data-index=\"0\" ><div class=\"textwidget\"><p><img class=\"aligncenter size-full wp-image-2280\" src=\"https:\/\/www.facet.unt.edu.ar\/sbe\/wp-content\/uploads\/sites\/77\/2023\/04\/BECAS-PROGRESAR-PRORROGA-INSCRIPCION.png\" alt=\"\" width=\"1300\" height=\"1300\" \/><\/p>\n<\/div><\/div><\/div><div id=\"pgc-2279-0-1\"  class=\"panel-grid-cell\" ><div id=\"panel-2279-0-1-0\" class=\"so-panel widget widget_sow-editor panel-first-child panel-last-child\" data-index=\"1\" ><div\n\t\t\t\n\t\t\tclass=\"so-widget-sow-editor so-widget-sow-editor-base\"\n\t\t\t\n\t\t>\n<div class=\"siteorigin-widget-tinymce textwidget\">\n\t<p>Se informa a los alumnos que hasta el 16 de abril se extiende la inscripci\u00f3n para las Becas Progresar.<\/p>\n<p>\ud83d\udc49 Para m\u00e1s informaci\u00f3n sobre la inscripci\u00f3n y los requisitos ingres\u00e1 en: <a href=\"http:\/\/argentina.gob.ar\/progresar\">argentina.gob.ar\/progresar<\/a><\/p>\n<\/div>\n<\/div><\/div><\/div><\/div><\/div>","protected":false},"excerpt":{"rendered":"<p>Se informa a los alumnos que hasta el 16 de abril se extiende la inscripci\u00f3n para las Becas Progresar.\ud83d\udc49 Para m\u00e1s informaci\u00f3n sobre la inscripci\u00f3n y los requisitos ingres\u00e1 en: argentina.gob.ar\/progresar<\/p>\n","protected":false},"author":6,"featured_media":2280,"comment_status":"closed","ping_status":"closed","sticky":false,"template":"","format":"standard","meta":[],"categories":[9,4],"tags":[],"_links":{"self":[{"href":"https:\/\/www.facet.unt.edu.ar\/sbe\/wp-json\/wp\/v2\/posts\/2279"}],"collection":[{"href":"https:\/\/www.facet.unt.edu.ar\/sbe\/wp-json\/wp\/v2\/posts"}],"about":[{"href":"https:\/\/www.facet.unt.edu.ar\/sbe\/wp-json\/wp\/v2\/types\/post"}],"author":[{"embeddable":true,"href":"https:\/\/www.facet.unt.edu.ar\/sbe\/wp-json\/wp\/v2\/users\/6"}],"replies":[{"embeddable":true,"href":"https:\/\/www.facet.unt.edu.ar\/sbe\/wp-json\/wp\/v2\/comments?post=2279"}],"version-history":[{"count":2,"href":"https:\/\/www.facet.unt.edu.ar\/sbe\/wp-json\/wp\/v2\/posts\/2279\/revisions"}],"predecessor-version":[{"id":2282,"href":"https:\/\/www.facet.unt.edu.ar\/sbe\/wp-json\/wp\/v2\/posts\/2279\/revisions\/2282"}],"wp:featuredmedia":[{"embeddable":true,"href":"https:\/\/www.facet.unt.edu.ar\/sbe\/wp-json\/wp\/v2\/media\/2280"}],"wp:attachment":[{"href":"https:\/\/www.facet.unt.edu.ar\/sbe\/wp-json\/wp\/v2\/media?parent=2279"}],"wp:term":[{"taxonomy":"category","embeddable":true,"href":"https:\/\/www.facet.unt.edu.ar\/sbe\/wp-json\/wp\/v2\/categories?post=2279"},{"taxonomy":"post_tag","embeddable":true,"href":"https:\/\/www.facet.unt.edu.ar\/sbe\/wp-json\/wp\/v2\/tags?post=2279"}],"curies":[{"name":"wp","href":"https:\/\/api.w.org\/{rel}","templated":true}]}}