{"id":2377,"date":"2023-04-28T12:00:47","date_gmt":"2023-04-28T15:00:47","guid":{"rendered":"https:\/\/www.facet.unt.edu.ar\/sbe\/?p=2377"},"modified":"2023-04-28T00:52:23","modified_gmt":"2023-04-28T03:52:23","slug":"invitacion-defensa-de-proyecto-final-para-acceder-al-titulo-de-licenciatura-en-fisica","status":"publish","type":"post","link":"https:\/\/www.facet.unt.edu.ar\/sbe\/2023\/04\/28\/invitacion-defensa-de-proyecto-final-para-acceder-al-titulo-de-licenciatura-en-fisica\/","title":{"rendered":"Invitaci\u00f3n | Defensa de Proyecto Final para acceder al t\u00edtulo de Licenciatura en F\u00edsica"},"content":{"rendered":"<div id=\"pl-2377\"  class=\"panel-layout\"><div id=\"pg-2377-0\"  class=\"panel-grid panel-no-style\"><div id=\"pgc-2377-0-0\"  class=\"panel-grid-cell\"><div id=\"panel-2377-0-0-0\" class=\"so-panel widget widget_black-studio-tinymce widget_black_studio_tinymce panel-first-child panel-last-child\" data-index=\"0\"><div class=\"textwidget\"><p><img class=\"aligncenter size-full wp-image-2378\" src=\"https:\/\/www.facet.unt.edu.ar\/sbe\/wp-content\/uploads\/sites\/77\/2023\/04\/DEFENSA-DE-TESIS-DE-FISICA-Villegas-Andina.png\" alt=\"\" width=\"1300\" height=\"1300\" \/><\/p>\n<\/div><\/div><\/div><div id=\"pgc-2377-0-1\"  class=\"panel-grid-cell\"><div id=\"panel-2377-0-1-0\" class=\"so-panel widget widget_sow-editor panel-first-child panel-last-child\" data-index=\"1\"><div\n\t\t\t\n\t\t\tclass=\"so-widget-sow-editor so-widget-sow-editor-base\">\n<div class=\"siteorigin-widget-tinymce textwidget\">\n\t<p style=\"text-align: justify;\">Se invita a alumnos e interesados a participar de la Defensa del Proyecto de Graduaci\u00f3n del alumno<strong> Atuel El\u00edas Villegas Andina<\/strong>, titulado <strong>\u201cOptimizaci\u00f3n de hiperpar\u00e1metros en modelos reducidos adaptativos, con aplicaciones a ondas gravitacionales y el proyecto ligo\u201d<\/strong>, para obtener el t\u00edtulo de grado de<strong> Licenciado en F\u00edsica<\/strong>, FACET \u2013 UNT.<\/p>\n<p style=\"text-align: justify;\">El proyecto final se realiz\u00f3 bajo la direcci\u00f3n del <strong>Dr. Manuel Tiglio<\/strong> y co-direcci\u00f3n del <strong>Dr. Carlos Figueroa<\/strong>.<\/p>\n<p style=\"text-align: justify;\">El acto acad\u00e9mico se llevar\u00e1 a cabo el <strong>martes 2 de mayo<\/strong>, a las <strong>14:30 hs<\/strong>, en la <strong>Sala de Audiovisuales<\/strong>, Block 3, 1er Piso, FACET, UNT.<\/p>\n<p style=\"text-align: justify;\">El tribunal examinador ser\u00e1n los doctores: Ana Georgina Elias, Graciela Molina y Benjam\u00edn Straube.<\/p><\/div><\/div><\/div><\/div><\/div><\/div><p><a class=\"more-link\" href=\"https:\/\/www.facet.unt.edu.ar\/sbe\/2023\/04\/28\/invitacion-defensa-de-proyecto-final-para-acceder-al-titulo-de-licenciatura-en-fisica\/\">Leer m\u00e1s<span class=\"meta-nav\">&rarr;<\/span><\/a><\/p>","protected":false},"excerpt":{"rendered":"<p>Se invita a alumnos e interesados a participar de la Defensa del Proyecto de Graduaci\u00f3n del alumno Atuel El\u00edas Villegas Andina, titulado \u201cOptimizaci\u00f3n de hiperpar\u00e1metros en modelos reducidos adaptativos, con aplicaciones a ondas gravitacionales y el proyecto ligo\u201d, para obtener el t\u00edtulo de grado de Licenciado en F\u00edsica, FACET \u2013 UNT.El proyecto final se realiz\u00f3 [&hellip;]<\/p>\n","protected":false},"author":6,"featured_media":2378,"comment_status":"closed","ping_status":"closed","sticky":false,"template":"","format":"standard","meta":[],"categories":[4],"tags":[],"_links":{"self":[{"href":"https:\/\/www.facet.unt.edu.ar\/sbe\/wp-json\/wp\/v2\/posts\/2377"}],"collection":[{"href":"https:\/\/www.facet.unt.edu.ar\/sbe\/wp-json\/wp\/v2\/posts"}],"about":[{"href":"https:\/\/www.facet.unt.edu.ar\/sbe\/wp-json\/wp\/v2\/types\/post"}],"author":[{"embeddable":true,"href":"https:\/\/www.facet.unt.edu.ar\/sbe\/wp-json\/wp\/v2\/users\/6"}],"replies":[{"embeddable":true,"href":"https:\/\/www.facet.unt.edu.ar\/sbe\/wp-json\/wp\/v2\/comments?post=2377"}],"version-history":[{"count":2,"href":"https:\/\/www.facet.unt.edu.ar\/sbe\/wp-json\/wp\/v2\/posts\/2377\/revisions"}],"predecessor-version":[{"id":2380,"href":"https:\/\/www.facet.unt.edu.ar\/sbe\/wp-json\/wp\/v2\/posts\/2377\/revisions\/2380"}],"wp:featuredmedia":[{"embeddable":true,"href":"https:\/\/www.facet.unt.edu.ar\/sbe\/wp-json\/wp\/v2\/media\/2378"}],"wp:attachment":[{"href":"https:\/\/www.facet.unt.edu.ar\/sbe\/wp-json\/wp\/v2\/media?parent=2377"}],"wp:term":[{"taxonomy":"category","embeddable":true,"href":"https:\/\/www.facet.unt.edu.ar\/sbe\/wp-json\/wp\/v2\/categories?post=2377"},{"taxonomy":"post_tag","embeddable":true,"href":"https:\/\/www.facet.unt.edu.ar\/sbe\/wp-json\/wp\/v2\/tags?post=2377"}],"curies":[{"name":"wp","href":"https:\/\/api.w.org\/{rel}","templated":true}]}}