{"id":2428,"date":"2023-05-08T14:18:43","date_gmt":"2023-05-08T17:18:43","guid":{"rendered":"https:\/\/www.facet.unt.edu.ar\/sbe\/?p=2428"},"modified":"2023-05-08T14:18:45","modified_gmt":"2023-05-08T17:18:45","slug":"inscripcion-abierta-programa-de-formacion-y-certificacion-en-lenguas-extranjeras-para-becarios-progresar-y-manuel-belgrano","status":"publish","type":"post","link":"https:\/\/www.facet.unt.edu.ar\/sbe\/2023\/05\/08\/inscripcion-abierta-programa-de-formacion-y-certificacion-en-lenguas-extranjeras-para-becarios-progresar-y-manuel-belgrano\/","title":{"rendered":"Inscripci\u00f3n abierta | Programa de Formaci\u00f3n y Certificaci\u00f3n en Lenguas Extranjeras para becarios Progresar y Manuel Belgrano"},"content":{"rendered":"<div id=\"pl-2428\"  class=\"panel-layout\"><div id=\"pg-2428-0\"  class=\"panel-grid panel-no-style\"><div id=\"pgc-2428-0-0\"  class=\"panel-grid-cell\"><div id=\"panel-2428-0-0-0\" class=\"so-panel widget widget_black-studio-tinymce widget_black_studio_tinymce panel-first-child panel-last-child\" data-index=\"0\"><div class=\"textwidget\"><p><img class=\"aligncenter size-full wp-image-2429\" src=\"https:\/\/www.facet.unt.edu.ar\/sbe\/wp-content\/uploads\/sites\/77\/2023\/05\/CONVOCATORIA-LENGUAS-EXTRANJERAS-1.png\" alt=\"\" width=\"1300\" height=\"1300\" \/><\/p>\n<\/div><\/div><\/div><div id=\"pgc-2428-0-1\"  class=\"panel-grid-cell\"><div id=\"panel-2428-0-1-0\" class=\"so-panel widget widget_sow-editor panel-first-child panel-last-child\" data-index=\"1\"><div\n\t\t\t\n\t\t\tclass=\"so-widget-sow-editor so-widget-sow-editor-base\">\n<div class=\"siteorigin-widget-tinymce textwidget\">\n\t<div class=\"x11i5rnm xat24cr x1mh8g0r x1vvkbs xtlvy1s x126k92a\">\n<div dir=\"auto\" style=\"text-align: justify;\">Se informa a los becarios Progresar y Manuel Belgrano que se encuentra abierta la inscripci\u00f3n para el Programa de Formaci\u00f3n y Certificaci\u00f3n en Lenguas Extranjeras hasta el <strong>viernes 12 de mayo<\/strong>.<\/div>\n<\/div>\n<div class=\"x11i5rnm xat24cr x1mh8g0r x1vvkbs xtlvy1s x126k92a\" style=\"text-align: justify;\">\n<div dir=\"auto\">\u00a0<\/div>\n<div dir=\"auto\">Vas a poder estudiar de forma virtual: alem\u00e1n, franc\u00e9s, ingl\u00e9s, italiano, portugu\u00e9s y chino mandar\u00edn, totalmente gratis. No es necesario tener conocimientos previos.<\/div>\n<\/div>\n<div class=\"x11i5rnm xat24cr x1mh8g0r x1vvkbs xtlvy1s x126k92a\" style=\"text-align: justify;\">\n<div dir=\"auto\">\u00a0<\/div>\n<div dir=\"auto\">Este programa se realiza con el objetivo de fortalecer las trayectorias acad\u00e9micas, incrementar las competencias en idiomas y democratizar el acceso a oportunidades de empleos, otras l\u00edneas de becas y carreras acad\u00e9micas.\u00a0<\/div>\n<\/div>\n<p><\/p><\/div><\/div><\/div><\/div><\/div><\/div><p><a class=\"more-link\" href=\"https:\/\/www.facet.unt.edu.ar\/sbe\/2023\/05\/08\/inscripcion-abierta-programa-de-formacion-y-certificacion-en-lenguas-extranjeras-para-becarios-progresar-y-manuel-belgrano\/\">Leer m\u00e1s<span class=\"meta-nav\">&rarr;<\/span><\/a><\/p>","protected":false},"excerpt":{"rendered":"<p>Se informa a los becarios Progresar y Manuel Belgrano que se encuentra abierta la inscripci\u00f3n para el Programa de Formaci\u00f3n y Certificaci\u00f3n en Lenguas Extranjeras hasta el viernes 12 de mayo.\u00a0Vas a poder estudiar de forma virtual: alem\u00e1n, franc\u00e9s, ingl\u00e9s, italiano, portugu\u00e9s y chino mandar\u00edn, totalmente gratis. No es necesario tener conocimientos previos.\u00a0Este programa se [&hellip;]<\/p>\n","protected":false},"author":6,"featured_media":2429,"comment_status":"closed","ping_status":"closed","sticky":false,"template":"","format":"standard","meta":[],"categories":[9,4],"tags":[],"_links":{"self":[{"href":"https:\/\/www.facet.unt.edu.ar\/sbe\/wp-json\/wp\/v2\/posts\/2428"}],"collection":[{"href":"https:\/\/www.facet.unt.edu.ar\/sbe\/wp-json\/wp\/v2\/posts"}],"about":[{"href":"https:\/\/www.facet.unt.edu.ar\/sbe\/wp-json\/wp\/v2\/types\/post"}],"author":[{"embeddable":true,"href":"https:\/\/www.facet.unt.edu.ar\/sbe\/wp-json\/wp\/v2\/users\/6"}],"replies":[{"embeddable":true,"href":"https:\/\/www.facet.unt.edu.ar\/sbe\/wp-json\/wp\/v2\/comments?post=2428"}],"version-history":[{"count":1,"href":"https:\/\/www.facet.unt.edu.ar\/sbe\/wp-json\/wp\/v2\/posts\/2428\/revisions"}],"predecessor-version":[{"id":2430,"href":"https:\/\/www.facet.unt.edu.ar\/sbe\/wp-json\/wp\/v2\/posts\/2428\/revisions\/2430"}],"wp:featuredmedia":[{"embeddable":true,"href":"https:\/\/www.facet.unt.edu.ar\/sbe\/wp-json\/wp\/v2\/media\/2429"}],"wp:attachment":[{"href":"https:\/\/www.facet.unt.edu.ar\/sbe\/wp-json\/wp\/v2\/media?parent=2428"}],"wp:term":[{"taxonomy":"category","embeddable":true,"href":"https:\/\/www.facet.unt.edu.ar\/sbe\/wp-json\/wp\/v2\/categories?post=2428"},{"taxonomy":"post_tag","embeddable":true,"href":"https:\/\/www.facet.unt.edu.ar\/sbe\/wp-json\/wp\/v2\/tags?post=2428"}],"curies":[{"name":"wp","href":"https:\/\/api.w.org\/{rel}","templated":true}]}}