{"id":265,"date":"2021-10-30T00:17:34","date_gmt":"2021-10-30T00:17:34","guid":{"rendered":"https:\/\/www.facet.unt.edu.ar\/sbe\/?p=265"},"modified":"2021-11-02T21:22:24","modified_gmt":"2021-11-02T21:22:24","slug":"busqueda-laboral-civil-dycasa-s-a-obras-tucuman","status":"publish","type":"post","link":"https:\/\/www.facet.unt.edu.ar\/sbe\/2021\/10\/30\/busqueda-laboral-civil-dycasa-s-a-obras-tucuman\/","title":{"rendered":"B\u00fasqueda Laboral Civil &#8211; Dycasa S.A. &#8211; Obras Tucum\u00e1n"},"content":{"rendered":"<div id=\"pl-265\"  class=\"panel-layout\"><div id=\"pg-265-0\"  class=\"panel-grid panel-no-style\"><div id=\"pgc-265-0-0\"  class=\"panel-grid-cell\"><div id=\"panel-265-0-0-0\" class=\"so-panel widget widget_black-studio-tinymce widget_black_studio_tinymce panel-first-child panel-last-child\" data-index=\"0\"><div class=\"textwidget\"><p><img class=\"aligncenter size-full wp-image-205\" src=\"https:\/\/www.facet.unt.edu.ar\/sbe\/wp-content\/uploads\/sites\/77\/2021\/10\/OFERTA-LABORAL-2021.png\" alt=\"\" width=\"1200\" height=\"1200\" \/><\/p>\n<\/div><\/div><\/div><div id=\"pgc-265-0-1\"  class=\"panel-grid-cell\"><div id=\"panel-265-0-1-0\" class=\"so-panel widget widget_sow-editor panel-first-child panel-last-child\" data-index=\"1\"><div\n\t\t\t\n\t\t\tclass=\"so-widget-sow-editor so-widget-sow-editor-base\">\n<div class=\"siteorigin-widget-tinymce textwidget\">\n\t<p style=\"text-align: justify;\">Dycasa S.A., empresa constructora, se encuentra en la b\u00fasqueda de alumnos\/as avanzados\/as o graduados\/as de la carrera de Ingenier\u00eda Civil de la FACET para ocupar la posici\u00f3n de Jefe de Producci\u00f3n para la obra de redes y colectores Alderetes \u2013 Banda Rio Sal\u00ed.<\/p>\n<p style=\"text-align: justify;\">REQUISITO\/S:<\/p>\n<p style=\"text-align: justify;\">Estudiantes avanzados de Ingenier\u00eda Civil o graduados\/as de la carrera con experiencia en ejecuci\u00f3n y producci\u00f3n de obras civiles, preferentemente en obras hidr\u00e1ulicas. Conocimiento de caracter\u00edsticas de suelos.<\/p>\n<p style=\"text-align: justify;\">LUGAR DE TRABAJO: San Miguel de Tucum\u00e1n.<\/p>\n<p style=\"text-align: justify;\">DEPENDENCIA: El titular de este puesto depende del Jefe de Obra.<\/p><\/div><\/div><\/div><\/div><\/div><\/div><p><a class=\"more-link\" href=\"https:\/\/www.facet.unt.edu.ar\/sbe\/2021\/10\/30\/busqueda-laboral-civil-dycasa-s-a-obras-tucuman\/\">Leer m\u00e1s<span class=\"meta-nav\">&rarr;<\/span><\/a><\/p>","protected":false},"excerpt":{"rendered":"<p>Dycasa S.A., empresa constructora, se encuentra en la b\u00fasqueda de alumnos\/as avanzados\/as o graduados\/as de la carrera de Ingenier\u00eda Civil de la FACET para ocupar la posici\u00f3n de Jefe de Producci\u00f3n para la obra de redes y colectores Alderetes \u2013 Banda Rio Sal\u00ed. REQUISITO\/S: Estudiantes avanzados de Ingenier\u00eda Civil o graduados\/as de la carrera con [&hellip;]<\/p>\n","protected":false},"author":6,"featured_media":0,"comment_status":"closed","ping_status":"closed","sticky":false,"template":"","format":"standard","meta":[],"categories":[8],"tags":[],"_links":{"self":[{"href":"https:\/\/www.facet.unt.edu.ar\/sbe\/wp-json\/wp\/v2\/posts\/265"}],"collection":[{"href":"https:\/\/www.facet.unt.edu.ar\/sbe\/wp-json\/wp\/v2\/posts"}],"about":[{"href":"https:\/\/www.facet.unt.edu.ar\/sbe\/wp-json\/wp\/v2\/types\/post"}],"author":[{"embeddable":true,"href":"https:\/\/www.facet.unt.edu.ar\/sbe\/wp-json\/wp\/v2\/users\/6"}],"replies":[{"embeddable":true,"href":"https:\/\/www.facet.unt.edu.ar\/sbe\/wp-json\/wp\/v2\/comments?post=265"}],"version-history":[{"count":5,"href":"https:\/\/www.facet.unt.edu.ar\/sbe\/wp-json\/wp\/v2\/posts\/265\/revisions"}],"predecessor-version":[{"id":267,"href":"https:\/\/www.facet.unt.edu.ar\/sbe\/wp-json\/wp\/v2\/posts\/265\/revisions\/267"}],"wp:attachment":[{"href":"https:\/\/www.facet.unt.edu.ar\/sbe\/wp-json\/wp\/v2\/media?parent=265"}],"wp:term":[{"taxonomy":"category","embeddable":true,"href":"https:\/\/www.facet.unt.edu.ar\/sbe\/wp-json\/wp\/v2\/categories?post=265"},{"taxonomy":"post_tag","embeddable":true,"href":"https:\/\/www.facet.unt.edu.ar\/sbe\/wp-json\/wp\/v2\/tags?post=265"}],"curies":[{"name":"wp","href":"https:\/\/api.w.org\/{rel}","templated":true}]}}