{"id":2660,"date":"2023-08-11T23:58:34","date_gmt":"2023-08-12T02:58:34","guid":{"rendered":"https:\/\/www.facet.unt.edu.ar\/sbe\/?p=2660"},"modified":"2023-08-11T23:58:35","modified_gmt":"2023-08-12T02:58:35","slug":"charla-informativa-sobre-la-diplomatura-en-logistica-y-gestion-de-la-cadena-de-abastecimiento","status":"publish","type":"post","link":"https:\/\/www.facet.unt.edu.ar\/sbe\/2023\/08\/11\/charla-informativa-sobre-la-diplomatura-en-logistica-y-gestion-de-la-cadena-de-abastecimiento\/","title":{"rendered":"Charla informativa sobre la Diplomatura en Log\u00edstica y Gesti\u00f3n de la Cadena de Abastecimiento"},"content":{"rendered":"<div id=\"pl-2660\"  class=\"panel-layout\" ><div id=\"pg-2660-0\"  class=\"panel-grid panel-no-style\" ><div id=\"pgc-2660-0-0\"  class=\"panel-grid-cell\" ><div id=\"panel-2660-0-0-0\" class=\"so-panel widget widget_black-studio-tinymce widget_black_studio_tinymce panel-first-child panel-last-child\" data-index=\"0\" ><div class=\"textwidget\"><p><img class=\"aligncenter size-full wp-image-2661\" src=\"https:\/\/www.facet.unt.edu.ar\/sbe\/wp-content\/uploads\/sites\/77\/2023\/08\/CHARLA-INFORMATIVA-ONLINE-DIPLOMATURA-14-08-23.png\" alt=\"\" width=\"2412\" height=\"2009\" \/><\/p>\n<\/div><\/div><\/div><div id=\"pgc-2660-0-1\"  class=\"panel-grid-cell\" ><div id=\"panel-2660-0-1-0\" class=\"so-panel widget widget_sow-editor panel-first-child panel-last-child\" data-index=\"1\" ><div\n\t\t\t\n\t\t\tclass=\"so-widget-sow-editor so-widget-sow-editor-base\"\n\t\t\t\n\t\t>\n<div class=\"siteorigin-widget-tinymce textwidget\">\n\t<p style=\"text-align: justify;\">El pr\u00f3ximo 21 de agosto comenzar\u00e1 la Diplomatura en Log\u00edstica y Gesti\u00f3n de la Cadena de Abastecimiento, FACET \u2013 UNT, la cual se desarrollar\u00e1 bajo la modalidad virtual asincr\u00f3nica y tendr\u00e1 una duraci\u00f3n de 8 semanas.<\/p>\n<p style=\"text-align: justify;\"><span style=\"text-decoration: underline;\">Destinatarios<\/span>: estudiantes y docentes de la FACET, empresarios con inter\u00e9s en la tem\u00e1tica y en general a toda persona interesada que haya cumplimentado el nivel medio o secundario.<\/p>\n<p style=\"text-align: justify;\">Los interesados en realizar la diplomatura podr\u00e1n informarse en la charla virtual que se transmitir\u00e1 este lunes 14 de agosto, a las 19:40 hs, a trav\u00e9s de la plataforma ZOOM.<\/p>\n<p style=\"text-align: justify;\">Link de transmisi\u00f3n: <a href=\"https:\/\/us06web.zoom.us\/j\/86599338055\" target=\"_blank\" rel=\"noopener\">https:\/\/us06web.zoom.us\/j\/86599338055<\/a><\/p>\n<p style=\"text-align: justify;\">Contacto: <a href=\"mailto:oempresas@herrera.unt.edu.ar\" target=\"_blank\" rel=\"noopener\">oempresas@herrera.unt.edu.ar<\/a> \/ Julio Rodr\u00edguez Rey - 3816-408406<\/p>\n<p style=\"text-align: justify;\">M\u00e1s informaci\u00f3n sobre la Diplomatura en: <a href=\"https:\/\/www.facet.unt.edu.ar\/diplomatura-universitaria-en-logistica\/\" target=\"_blank\" rel=\"noopener\">https:\/\/www.facet.unt.edu.ar\/diplomatura-universitaria-en-logistica\/<\/a><\/p>\n<\/div>\n<\/div><\/div><\/div><\/div><\/div>","protected":false},"excerpt":{"rendered":"<p>El pr\u00f3ximo 21 de agosto comenzar\u00e1 la Diplomatura en Log\u00edstica y Gesti\u00f3n de la Cadena de Abastecimiento, FACET \u2013 UNT, la cual se desarrollar\u00e1 bajo la modalidad virtual asincr\u00f3nica y tendr\u00e1 una duraci\u00f3n de 8 semanas.Destinatarios: estudiantes y docentes de la FACET, empresarios con inter\u00e9s en la tem\u00e1tica y en general a toda persona interesada [&hellip;]<\/p>\n","protected":false},"author":6,"featured_media":2661,"comment_status":"closed","ping_status":"closed","sticky":false,"template":"","format":"standard","meta":[],"categories":[4],"tags":[],"_links":{"self":[{"href":"https:\/\/www.facet.unt.edu.ar\/sbe\/wp-json\/wp\/v2\/posts\/2660"}],"collection":[{"href":"https:\/\/www.facet.unt.edu.ar\/sbe\/wp-json\/wp\/v2\/posts"}],"about":[{"href":"https:\/\/www.facet.unt.edu.ar\/sbe\/wp-json\/wp\/v2\/types\/post"}],"author":[{"embeddable":true,"href":"https:\/\/www.facet.unt.edu.ar\/sbe\/wp-json\/wp\/v2\/users\/6"}],"replies":[{"embeddable":true,"href":"https:\/\/www.facet.unt.edu.ar\/sbe\/wp-json\/wp\/v2\/comments?post=2660"}],"version-history":[{"count":1,"href":"https:\/\/www.facet.unt.edu.ar\/sbe\/wp-json\/wp\/v2\/posts\/2660\/revisions"}],"predecessor-version":[{"id":2662,"href":"https:\/\/www.facet.unt.edu.ar\/sbe\/wp-json\/wp\/v2\/posts\/2660\/revisions\/2662"}],"wp:featuredmedia":[{"embeddable":true,"href":"https:\/\/www.facet.unt.edu.ar\/sbe\/wp-json\/wp\/v2\/media\/2661"}],"wp:attachment":[{"href":"https:\/\/www.facet.unt.edu.ar\/sbe\/wp-json\/wp\/v2\/media?parent=2660"}],"wp:term":[{"taxonomy":"category","embeddable":true,"href":"https:\/\/www.facet.unt.edu.ar\/sbe\/wp-json\/wp\/v2\/categories?post=2660"},{"taxonomy":"post_tag","embeddable":true,"href":"https:\/\/www.facet.unt.edu.ar\/sbe\/wp-json\/wp\/v2\/tags?post=2660"}],"curies":[{"name":"wp","href":"https:\/\/api.w.org\/{rel}","templated":true}]}}