{"id":2663,"date":"2023-08-14T21:05:09","date_gmt":"2023-08-15T00:05:09","guid":{"rendered":"https:\/\/www.facet.unt.edu.ar\/sbe\/?p=2663"},"modified":"2023-08-14T21:20:55","modified_gmt":"2023-08-15T00:20:55","slug":"inicio-de-clases-diseno-asistido-2o-cuatrimestre-2023","status":"publish","type":"post","link":"https:\/\/www.facet.unt.edu.ar\/sbe\/2023\/08\/14\/inicio-de-clases-diseno-asistido-2o-cuatrimestre-2023\/","title":{"rendered":"Inicio de clases &#8220;Dise\u00f1o Asistido&#8221; \u2013 2\u00ba Cuatrimestre 2023"},"content":{"rendered":"<div id=\"pl-2663\"  class=\"panel-layout\"><div id=\"pg-2663-0\"  class=\"panel-grid panel-no-style\"><div id=\"pgc-2663-0-0\"  class=\"panel-grid-cell\"><div id=\"panel-2663-0-0-0\" class=\"so-panel widget widget_black-studio-tinymce widget_black_studio_tinymce panel-first-child panel-last-child\" data-index=\"0\"><div class=\"textwidget\"><p><img class=\"aligncenter size-full wp-image-2664\" src=\"https:\/\/www.facet.unt.edu.ar\/sbe\/wp-content\/uploads\/sites\/77\/2023\/08\/DISENO-ASISTIDO-INICIO-DE-CLASES.png\" alt=\"\" width=\"1300\" height=\"1300\" \/><\/p>\n<\/div><\/div><\/div><div id=\"pgc-2663-0-1\"  class=\"panel-grid-cell\"><div id=\"panel-2663-0-1-0\" class=\"so-panel widget widget_sow-editor panel-first-child panel-last-child\" data-index=\"1\"><div\n\t\t\t\n\t\t\tclass=\"so-widget-sow-editor so-widget-sow-editor-base\">\n<div class=\"siteorigin-widget-tinymce textwidget\">\n\t<p style=\"text-align: justify;\">Se informa a los alumnos que el d\u00eda martes 22 de agosto, a las 15 hs, en el Anfiteatro B2, iniciar\u00e1n las clases de la asignatura \u201c<strong>DISE\u00d1O ASISTIDO<\/strong>\u201d para los estudiantes de las carreras:<\/p>\n<ul style=\"text-align: justify;\">\n<li><strong>Ingenier\u00eda Civil<\/strong><\/li>\n<li><strong>Ingenier\u00eda Mec\u00e1nica<\/strong> (plan 2004); (alumnos que ingresaron en el a\u00f1o 2021 y anteriores).<\/li>\n<li><strong>Ingenier\u00eda Industrial<\/strong><\/li>\n<\/ul>\n<p style=\"text-align: justify;\"><strong>DISE\u00d1O ASISTIDO POR COMPUTADORA<\/strong> para estudiantes de:<\/p>\n<ul style=\"text-align: justify;\">\n<li>Dise\u00f1ador de Iluminaci\u00f3n<\/li>\n<\/ul>\n<p><\/p><\/div><\/div><\/div><\/div><\/div><\/div><p><a class=\"more-link\" href=\"https:\/\/www.facet.unt.edu.ar\/sbe\/2023\/08\/14\/inicio-de-clases-diseno-asistido-2o-cuatrimestre-2023\/\">Leer m\u00e1s<span class=\"meta-nav\">&rarr;<\/span><\/a><\/p>","protected":false},"excerpt":{"rendered":"<p>Se informa a los alumnos que el d\u00eda martes 22 de agosto, a las 15 hs, en el Anfiteatro B2, iniciar\u00e1n las clases de la asignatura \u201cDISE\u00d1O ASISTIDO\u201d para los estudiantes de las carreras:Ingenier\u00eda CivilIngenier\u00eda Mec\u00e1nica (plan 2004); (alumnos que ingresaron en el a\u00f1o 2021 y anteriores).Ingenier\u00eda IndustrialDISE\u00d1O ASISTIDO POR COMPUTADORA para estudiantes de:Dise\u00f1ador de [&hellip;]<\/p>\n","protected":false},"author":6,"featured_media":2664,"comment_status":"closed","ping_status":"closed","sticky":false,"template":"","format":"standard","meta":[],"categories":[5,4],"tags":[],"_links":{"self":[{"href":"https:\/\/www.facet.unt.edu.ar\/sbe\/wp-json\/wp\/v2\/posts\/2663"}],"collection":[{"href":"https:\/\/www.facet.unt.edu.ar\/sbe\/wp-json\/wp\/v2\/posts"}],"about":[{"href":"https:\/\/www.facet.unt.edu.ar\/sbe\/wp-json\/wp\/v2\/types\/post"}],"author":[{"embeddable":true,"href":"https:\/\/www.facet.unt.edu.ar\/sbe\/wp-json\/wp\/v2\/users\/6"}],"replies":[{"embeddable":true,"href":"https:\/\/www.facet.unt.edu.ar\/sbe\/wp-json\/wp\/v2\/comments?post=2663"}],"version-history":[{"count":3,"href":"https:\/\/www.facet.unt.edu.ar\/sbe\/wp-json\/wp\/v2\/posts\/2663\/revisions"}],"predecessor-version":[{"id":2666,"href":"https:\/\/www.facet.unt.edu.ar\/sbe\/wp-json\/wp\/v2\/posts\/2663\/revisions\/2666"}],"wp:featuredmedia":[{"embeddable":true,"href":"https:\/\/www.facet.unt.edu.ar\/sbe\/wp-json\/wp\/v2\/media\/2664"}],"wp:attachment":[{"href":"https:\/\/www.facet.unt.edu.ar\/sbe\/wp-json\/wp\/v2\/media?parent=2663"}],"wp:term":[{"taxonomy":"category","embeddable":true,"href":"https:\/\/www.facet.unt.edu.ar\/sbe\/wp-json\/wp\/v2\/categories?post=2663"},{"taxonomy":"post_tag","embeddable":true,"href":"https:\/\/www.facet.unt.edu.ar\/sbe\/wp-json\/wp\/v2\/tags?post=2663"}],"curies":[{"name":"wp","href":"https:\/\/api.w.org\/{rel}","templated":true}]}}