{"id":2792,"date":"2023-09-14T12:34:43","date_gmt":"2023-09-14T15:34:43","guid":{"rendered":"https:\/\/www.facet.unt.edu.ar\/sbe\/?p=2792"},"modified":"2023-09-19T12:35:22","modified_gmt":"2023-09-19T15:35:22","slug":"inscripciones-abiertas-curso-de-extension-innovacion-agil-con-design-sprint","status":"publish","type":"post","link":"https:\/\/www.facet.unt.edu.ar\/sbe\/2023\/09\/14\/inscripciones-abiertas-curso-de-extension-innovacion-agil-con-design-sprint\/","title":{"rendered":"Inscripciones abiertas | Curso de Extensi\u00f3n \u201cInnovaci\u00f3n \u00e1gil con Design Sprint\u201d"},"content":{"rendered":"<div id=\"pl-2792\"  class=\"panel-layout\"><div id=\"pg-2792-0\"  class=\"panel-grid panel-no-style\"><div id=\"pgc-2792-0-0\"  class=\"panel-grid-cell\"><div id=\"panel-2792-0-0-0\" class=\"so-panel widget widget_black-studio-tinymce widget_black_studio_tinymce panel-first-child panel-last-child\" data-index=\"0\"><div class=\"textwidget\"><p><img class=\"aligncenter size-full wp-image-2793\" src=\"https:\/\/www.facet.unt.edu.ar\/sbe\/wp-content\/uploads\/sites\/77\/2023\/09\/CURSO-EXTENSION-Design-Sprint.jpeg\" alt=\"\" width=\"940\" height=\"788\" \/><\/p>\n<\/div><\/div><\/div><div id=\"pgc-2792-0-1\"  class=\"panel-grid-cell\"><div id=\"panel-2792-0-1-0\" class=\"so-panel widget widget_sow-editor panel-first-child panel-last-child\" data-index=\"1\"><div\n\t\t\t\n\t\t\tclass=\"so-widget-sow-editor so-widget-sow-editor-base\">\n<div class=\"siteorigin-widget-tinymce textwidget\">\n\t<p style=\"text-align: justify;\">Se invita a estudiantes, graduados y docentes de la FACET y a interesados en la tem\u00e1tica a participar del Curso de Extensi\u00f3n Gratuito \u201c<strong>Innovaci\u00f3n \u00e1gil con Design Sprint<\/strong>\u201d, que dar\u00e1 inicio el <strong>25 de septiembre<\/strong>, y se desarrollar\u00e1 bajo la modalidad virtual\/asincr\u00f3nica.<\/p>\n<p style=\"text-align: justify;\">El Design Sprint es una metodolog\u00eda de duraci\u00f3n breve, pero intensa, que se usa para dar respuesta a problemas importantes de negocios, sobre todo en el inicio de un nuevo producto o servicio, y para recopilar la retroalimentaci\u00f3n de los usuarios. Ideado en principio para validar startups, el Design Sprint se ha extendido para m\u00e1s servicios y productos por sus resultados y el corto plazo de implementaci\u00f3n.<\/p><\/div><\/div><\/div><\/div><\/div><\/div><p><a class=\"more-link\" href=\"https:\/\/www.facet.unt.edu.ar\/sbe\/2023\/09\/14\/inscripciones-abiertas-curso-de-extension-innovacion-agil-con-design-sprint\/\">Leer m\u00e1s<span class=\"meta-nav\">&rarr;<\/span><\/a><\/p>","protected":false},"excerpt":{"rendered":"<p>Se invita a estudiantes, graduados y docentes de la FACET y a interesados en la tem\u00e1tica a participar del Curso de Extensi\u00f3n Gratuito \u201cInnovaci\u00f3n \u00e1gil con Design Sprint\u201d, que dar\u00e1 inicio el 25 de septiembre, y se desarrollar\u00e1 bajo la modalidad virtual\/asincr\u00f3nica. El Design Sprint es una metodolog\u00eda de duraci\u00f3n breve, pero intensa, que se [&hellip;]<\/p>\n","protected":false},"author":6,"featured_media":2793,"comment_status":"closed","ping_status":"closed","sticky":false,"template":"","format":"standard","meta":[],"categories":[4],"tags":[],"_links":{"self":[{"href":"https:\/\/www.facet.unt.edu.ar\/sbe\/wp-json\/wp\/v2\/posts\/2792"}],"collection":[{"href":"https:\/\/www.facet.unt.edu.ar\/sbe\/wp-json\/wp\/v2\/posts"}],"about":[{"href":"https:\/\/www.facet.unt.edu.ar\/sbe\/wp-json\/wp\/v2\/types\/post"}],"author":[{"embeddable":true,"href":"https:\/\/www.facet.unt.edu.ar\/sbe\/wp-json\/wp\/v2\/users\/6"}],"replies":[{"embeddable":true,"href":"https:\/\/www.facet.unt.edu.ar\/sbe\/wp-json\/wp\/v2\/comments?post=2792"}],"version-history":[{"count":4,"href":"https:\/\/www.facet.unt.edu.ar\/sbe\/wp-json\/wp\/v2\/posts\/2792\/revisions"}],"predecessor-version":[{"id":2828,"href":"https:\/\/www.facet.unt.edu.ar\/sbe\/wp-json\/wp\/v2\/posts\/2792\/revisions\/2828"}],"wp:featuredmedia":[{"embeddable":true,"href":"https:\/\/www.facet.unt.edu.ar\/sbe\/wp-json\/wp\/v2\/media\/2793"}],"wp:attachment":[{"href":"https:\/\/www.facet.unt.edu.ar\/sbe\/wp-json\/wp\/v2\/media?parent=2792"}],"wp:term":[{"taxonomy":"category","embeddable":true,"href":"https:\/\/www.facet.unt.edu.ar\/sbe\/wp-json\/wp\/v2\/categories?post=2792"},{"taxonomy":"post_tag","embeddable":true,"href":"https:\/\/www.facet.unt.edu.ar\/sbe\/wp-json\/wp\/v2\/tags?post=2792"}],"curies":[{"name":"wp","href":"https:\/\/api.w.org\/{rel}","templated":true}]}}