{"id":2805,"date":"2023-09-15T13:51:02","date_gmt":"2023-09-15T16:51:02","guid":{"rendered":"https:\/\/www.facet.unt.edu.ar\/sbe\/?p=2805"},"modified":"2023-09-15T13:51:03","modified_gmt":"2023-09-15T16:51:03","slug":"inscripciones-abiertas-rally-latinoamericano-de-innovacion-2023","status":"publish","type":"post","link":"https:\/\/www.facet.unt.edu.ar\/sbe\/2023\/09\/15\/inscripciones-abiertas-rally-latinoamericano-de-innovacion-2023\/","title":{"rendered":"Inscripciones abiertas | Rally Latinoamericano de Innovaci\u00f3n 2023"},"content":{"rendered":"<div id=\"pl-2805\"  class=\"panel-layout\" ><div id=\"pg-2805-0\"  class=\"panel-grid panel-no-style\" ><div id=\"pgc-2805-0-0\"  class=\"panel-grid-cell\" ><div id=\"panel-2805-0-0-0\" class=\"so-panel widget widget_black-studio-tinymce widget_black_studio_tinymce panel-first-child panel-last-child\" data-index=\"0\" ><div class=\"textwidget\"><p><img class=\"aligncenter size-full wp-image-2806\" src=\"https:\/\/www.facet.unt.edu.ar\/sbe\/wp-content\/uploads\/sites\/77\/2023\/09\/RALLY-1.jpeg\" alt=\"\" width=\"1181\" height=\"1181\" \/><\/p>\n<\/div><\/div><\/div><div id=\"pgc-2805-0-1\"  class=\"panel-grid-cell\" ><div id=\"panel-2805-0-1-0\" class=\"so-panel widget widget_sow-editor panel-first-child panel-last-child\" data-index=\"1\" ><div\n\t\t\t\n\t\t\tclass=\"so-widget-sow-editor so-widget-sow-editor-base\"\n\t\t\t\n\t\t>\n<div class=\"siteorigin-widget-tinymce textwidget\">\n\t<p style=\"text-align: justify;\">Se invita a alumnos y docentes de la FACET a participar de la competencia internacional \u201cRally Latinoamericano de Innovaci\u00f3n 2023\u201d, que se llevar\u00e1 a cabo los d\u00edas 06 y 07 de octubre en la FACET.<\/p>\n<p style=\"text-align: justify;\">Esta iniciativa tiene como prop\u00f3sito fomentar la innovaci\u00f3n abierta, contribuir a desarrollar la creatividad, el trabajo en equipo y despertar vocaciones tempranas de emprendedorismo en estudiantes universitarios de Latinoam\u00e9rica.<\/p>\n<p style=\"text-align: justify;\">M\u00e1s informaci\u00f3n en: <a href=\"http:\/\/www.rallydeinnovacion.org\/\" target=\"_blank\" rel=\"noopener\">http:\/\/www.rallydeinnovacion.org\/<\/a><\/p>\n<p style=\"text-align: justify;\">Coordina: \u00c1rea de Vinculaci\u00f3n y Transferencia Tecnol\u00f3gica de la FACET<\/p>\n<\/div>\n<\/div><\/div><\/div><\/div><\/div>","protected":false},"excerpt":{"rendered":"<p>Se invita a alumnos y docentes de la FACET a participar de la competencia internacional \u201cRally Latinoamericano de Innovaci\u00f3n 2023\u201d, que se llevar\u00e1 a cabo los d\u00edas 06 y 07 de octubre en la FACET.Esta iniciativa tiene como prop\u00f3sito fomentar la innovaci\u00f3n abierta, contribuir a desarrollar la creatividad, el trabajo en equipo y despertar vocaciones [&hellip;]<\/p>\n","protected":false},"author":6,"featured_media":2806,"comment_status":"closed","ping_status":"closed","sticky":false,"template":"","format":"standard","meta":[],"categories":[4],"tags":[],"_links":{"self":[{"href":"https:\/\/www.facet.unt.edu.ar\/sbe\/wp-json\/wp\/v2\/posts\/2805"}],"collection":[{"href":"https:\/\/www.facet.unt.edu.ar\/sbe\/wp-json\/wp\/v2\/posts"}],"about":[{"href":"https:\/\/www.facet.unt.edu.ar\/sbe\/wp-json\/wp\/v2\/types\/post"}],"author":[{"embeddable":true,"href":"https:\/\/www.facet.unt.edu.ar\/sbe\/wp-json\/wp\/v2\/users\/6"}],"replies":[{"embeddable":true,"href":"https:\/\/www.facet.unt.edu.ar\/sbe\/wp-json\/wp\/v2\/comments?post=2805"}],"version-history":[{"count":2,"href":"https:\/\/www.facet.unt.edu.ar\/sbe\/wp-json\/wp\/v2\/posts\/2805\/revisions"}],"predecessor-version":[{"id":2809,"href":"https:\/\/www.facet.unt.edu.ar\/sbe\/wp-json\/wp\/v2\/posts\/2805\/revisions\/2809"}],"wp:featuredmedia":[{"embeddable":true,"href":"https:\/\/www.facet.unt.edu.ar\/sbe\/wp-json\/wp\/v2\/media\/2806"}],"wp:attachment":[{"href":"https:\/\/www.facet.unt.edu.ar\/sbe\/wp-json\/wp\/v2\/media?parent=2805"}],"wp:term":[{"taxonomy":"category","embeddable":true,"href":"https:\/\/www.facet.unt.edu.ar\/sbe\/wp-json\/wp\/v2\/categories?post=2805"},{"taxonomy":"post_tag","embeddable":true,"href":"https:\/\/www.facet.unt.edu.ar\/sbe\/wp-json\/wp\/v2\/tags?post=2805"}],"curies":[{"name":"wp","href":"https:\/\/api.w.org\/{rel}","templated":true}]}}